{"id":44128,"date":"2026-03-11T16:27:00","date_gmt":"2026-03-11T19:27:00","guid":{"rendered":"https:\/\/tendenciaspoliticas.com\/?p=44128"},"modified":"2026-03-11T07:28:36","modified_gmt":"2026-03-11T10:28:36","slug":"cinco-de-los-acusados-por-el-atentado-a-la-amia-ya-murieron-y-crece-el-reclamo-por-un-juicio-en-ausencia","status":"publish","type":"post","link":"https:\/\/tendenciaspoliticas.com\/?p=44128","title":{"rendered":"Cinco de los acusados por el atentado a la AMIA ya murieron y crece el reclamo por un juicio en ausencia"},"content":{"rendered":"\n<h3 class=\"wp-block-heading\"><\/h3>\n\n\n\n<figure class=\"wp-block-image size-large\"><img loading=\"lazy\" decoding=\"async\" width=\"1024\" height=\"768\" src=\"https:\/\/tendenciaspoliticas.com\/wp-content\/uploads\/2026\/03\/image-152-1024x768.png\" alt=\"\" class=\"wp-image-44129\" srcset=\"https:\/\/tendenciaspoliticas.com\/wp-content\/uploads\/2026\/03\/image-152-1024x768.png 1024w, https:\/\/tendenciaspoliticas.com\/wp-content\/uploads\/2026\/03\/image-152-300x225.png 300w, https:\/\/tendenciaspoliticas.com\/wp-content\/uploads\/2026\/03\/image-152-768x576.png 768w, https:\/\/tendenciaspoliticas.com\/wp-content\/uploads\/2026\/03\/image-152-1536x1152.png 1536w, https:\/\/tendenciaspoliticas.com\/wp-content\/uploads\/2026\/03\/image-152.png 2000w\" sizes=\"auto, (max-width: 1024px) 100vw, 1024px\" \/><\/figure>\n\n\n\n<p><em>El fiscal de la Unidad AMIA pidi\u00f3 avanzar con rapidez en la aplicaci\u00f3n de la ley que permite juzgar a imputados que no est\u00e1n presentes.<\/em><\/p>\n\n\n\n<p>Cinco de los quince ciudadanos iran\u00edes y libaneses acusados por el atentado contra la AMIA ya fallecieron, seg\u00fan inform\u00f3 la Unidad Fiscal que investiga el ataque ocurrido en 1994.<\/p>\n\n\n\n<p>El fiscal Sebasti\u00e1n Basso solicit\u00f3 avanzar con rapidez en la realizaci\u00f3n de un juicio en ausencia, una herramienta legal aprobada el a\u00f1o pasado que permite juzgar a imputados que no se encuentran en el pa\u00eds.<\/p>\n\n\n\n<p>El atentado contra la sede de la Asociaci\u00f3n Mutual Israelita Argentina dej\u00f3 85 muertos y cientos de heridos, convirti\u00e9ndose en uno de los ataques terroristas m\u00e1s graves de la historia argentina.<\/p>\n\n\n\n<p>A m\u00e1s de tres d\u00e9cadas del hecho, la causa judicial contin\u00faa abierta y enfrenta m\u00faltiples obst\u00e1culos para avanzar hacia una sentencia.<\/p>\n\n\n\n<p>Uno de los principales problemas es que varios de los acusados nunca comparecieron ante la Justicia argentina, lo que dificult\u00f3 la realizaci\u00f3n de un juicio.<\/p>\n\n\n\n<p>La reciente aprobaci\u00f3n de la ley de juicio en ausencia abri\u00f3 la posibilidad de que el proceso avance aun cuando los imputados no est\u00e9n presentes en el pa\u00eds.<\/p>\n\n\n\n<p>Sin embargo, las defensas cuestionan la constitucionalidad de esta herramienta y plantearon objeciones legales que deber\u00e1n ser analizadas por los tribunales.<\/p>\n\n\n\n<p>El fiscal Basso sostuvo que el paso del tiempo agrava la situaci\u00f3n, ya que algunos de los acusados ya fallecieron y otros podr\u00edan morir sin haber enfrentado un proceso judicial.<\/p>\n\n\n\n<p>Por esa raz\u00f3n, desde la Unidad AMIA consideran que es necesario acelerar los mecanismos judiciales para avanzar en el esclarecimiento del ataque.<\/p>\n\n\n\n<p>La evoluci\u00f3n del expediente sigue siendo observada con atenci\u00f3n por las v\u00edctimas, sus familiares y distintos organismos internacionales.<\/p>\n","protected":false},"excerpt":{"rendered":"<p>El fiscal de la Unidad AMIA pidi\u00f3 avanzar con rapidez en la aplicaci\u00f3n de la&#8230;<\/p>\n","protected":false},"author":2,"featured_media":0,"comment_status":"open","ping_status":"open","sticky":false,"template":"","format":"standard","meta":{"footnotes":""},"categories":[11,13],"tags":[16],"class_list":["post-44128","post","type-post","status-publish","format-standard","hentry","category-internacionales","category-ultima-noticia","tag-internacionales"],"_links":{"self":[{"href":"https:\/\/tendenciaspoliticas.com\/index.php?rest_route=\/wp\/v2\/posts\/44128","targetHints":{"allow":["GET"]}}],"collection":[{"href":"https:\/\/tendenciaspoliticas.com\/index.php?rest_route=\/wp\/v2\/posts"}],"about":[{"href":"https:\/\/tendenciaspoliticas.com\/index.php?rest_route=\/wp\/v2\/types\/post"}],"author":[{"embeddable":true,"href":"https:\/\/tendenciaspoliticas.com\/index.php?rest_route=\/wp\/v2\/users\/2"}],"replies":[{"embeddable":true,"href":"https:\/\/tendenciaspoliticas.com\/index.php?rest_route=%2Fwp%2Fv2%2Fcomments&post=44128"}],"version-history":[{"count":1,"href":"https:\/\/tendenciaspoliticas.com\/index.php?rest_route=\/wp\/v2\/posts\/44128\/revisions"}],"predecessor-version":[{"id":44130,"href":"https:\/\/tendenciaspoliticas.com\/index.php?rest_route=\/wp\/v2\/posts\/44128\/revisions\/44130"}],"wp:attachment":[{"href":"https:\/\/tendenciaspoliticas.com\/index.php?rest_route=%2Fwp%2Fv2%2Fmedia&parent=44128"}],"wp:term":[{"taxonomy":"category","embeddable":true,"href":"https:\/\/tendenciaspoliticas.com\/index.php?rest_route=%2Fwp%2Fv2%2Fcategories&post=44128"},{"taxonomy":"post_tag","embeddable":true,"href":"https:\/\/tendenciaspoliticas.com\/index.php?rest_route=%2Fwp%2Fv2%2Ftags&post=44128"}],"curies":[{"name":"wp","href":"https:\/\/api.w.org\/{rel}","templated":true}]}}