{"id":44122,"date":"2026-03-11T07:26:30","date_gmt":"2026-03-11T10:26:30","guid":{"rendered":"https:\/\/tendenciaspoliticas.com\/?p=44122"},"modified":"2026-03-11T07:26:31","modified_gmt":"2026-03-11T10:26:31","slug":"investigan-a-un-dirigente-de-la-afa-por-presunta-retencion-ilegal-de-aportes","status":"publish","type":"post","link":"https:\/\/tendenciaspoliticas.com\/?p=44122","title":{"rendered":"Investigan a un dirigente de la AFA por presunta retenci\u00f3n ilegal de aportes"},"content":{"rendered":"\n<h3 class=\"wp-block-heading\"><\/h3>\n\n\n\n<figure class=\"wp-block-image size-large\"><img loading=\"lazy\" decoding=\"async\" width=\"1024\" height=\"683\" src=\"https:\/\/tendenciaspoliticas.com\/wp-content\/uploads\/2026\/03\/image-150-1024x683.png\" alt=\"\" class=\"wp-image-44123\" srcset=\"https:\/\/tendenciaspoliticas.com\/wp-content\/uploads\/2026\/03\/image-150-1024x683.png 1024w, https:\/\/tendenciaspoliticas.com\/wp-content\/uploads\/2026\/03\/image-150-300x200.png 300w, https:\/\/tendenciaspoliticas.com\/wp-content\/uploads\/2026\/03\/image-150-768x512.png 768w, https:\/\/tendenciaspoliticas.com\/wp-content\/uploads\/2026\/03\/image-150.png 1242w\" sizes=\"auto, (max-width: 1024px) 100vw, 1024px\" \/><\/figure>\n\n\n\n<p><em>El tesorero Pablo Toviggino fue citado a declarar por el juez Amarante en una causa que tambi\u00e9n involucra a otros dirigentes.<\/em><\/p>\n\n\n\n<p>La Justicia indagar\u00e1 al dirigente de la Asociaci\u00f3n del F\u00fatbol Argentino (AFA) Pablo Toviggino en el marco de una causa que investiga la presunta retenci\u00f3n ilegal de aportes.<\/p>\n\n\n\n<p>El dirigente fue citado a declarar por el juez Amarante a las 11 de la ma\u00f1ana, en un expediente que analiza posibles irregularidades administrativas dentro de la entidad que dirige el f\u00fatbol argentino.<\/p>\n\n\n\n<p>La investigaci\u00f3n se centra en denuncias relacionadas con el manejo de fondos vinculados a aportes que deber\u00edan haber sido transferidos a distintos organismos.<\/p>\n\n\n\n<p>Antes de la declaraci\u00f3n de Toviggino ya comparecieron otros tres dirigentes vinculados a la conducci\u00f3n de la AFA.<\/p>\n\n\n\n<p>En los pr\u00f3ximos d\u00edas tambi\u00e9n deber\u00e1 presentarse Claudio \u201cChiqui\u201d Tapia, presidente de la instituci\u00f3n, quien est\u00e1 citado para declarar el jueves.<\/p>\n\n\n\n<p>Tras completar las indagatorias, el magistrado deber\u00e1 evaluar la situaci\u00f3n procesal de los involucrados y determinar si existen elementos suficientes para avanzar con imputaciones formales.<\/p>\n\n\n\n<p>La causa se inscribe en una serie de investigaciones judiciales que en los \u00faltimos a\u00f1os analizaron la administraci\u00f3n de recursos dentro de organizaciones deportivas.<\/p>\n\n\n\n<p>El manejo de los fondos y la transparencia en las instituciones deportivas se convirtieron en temas de creciente atenci\u00f3n p\u00fablica, especialmente en organizaciones con fuerte impacto econ\u00f3mico y social como la AFA.<\/p>\n\n\n\n<p>El avance del expediente podr\u00eda tener repercusiones dentro de la dirigencia del f\u00fatbol argentino, dependiendo de las decisiones que adopte la Justicia en las pr\u00f3ximas etapas del proceso.<\/p>\n","protected":false},"excerpt":{"rendered":"<p>El tesorero Pablo Toviggino fue citado a declarar por el juez Amarante en una causa&#8230;<\/p>\n","protected":false},"author":2,"featured_media":0,"comment_status":"open","ping_status":"open","sticky":false,"template":"","format":"standard","meta":{"footnotes":""},"categories":[13],"tags":[29],"class_list":["post-44122","post","type-post","status-publish","format-standard","hentry","category-ultima-noticia","tag-judiciales"],"_links":{"self":[{"href":"https:\/\/tendenciaspoliticas.com\/index.php?rest_route=\/wp\/v2\/posts\/44122","targetHints":{"allow":["GET"]}}],"collection":[{"href":"https:\/\/tendenciaspoliticas.com\/index.php?rest_route=\/wp\/v2\/posts"}],"about":[{"href":"https:\/\/tendenciaspoliticas.com\/index.php?rest_route=\/wp\/v2\/types\/post"}],"author":[{"embeddable":true,"href":"https:\/\/tendenciaspoliticas.com\/index.php?rest_route=\/wp\/v2\/users\/2"}],"replies":[{"embeddable":true,"href":"https:\/\/tendenciaspoliticas.com\/index.php?rest_route=%2Fwp%2Fv2%2Fcomments&post=44122"}],"version-history":[{"count":1,"href":"https:\/\/tendenciaspoliticas.com\/index.php?rest_route=\/wp\/v2\/posts\/44122\/revisions"}],"predecessor-version":[{"id":44124,"href":"https:\/\/tendenciaspoliticas.com\/index.php?rest_route=\/wp\/v2\/posts\/44122\/revisions\/44124"}],"wp:attachment":[{"href":"https:\/\/tendenciaspoliticas.com\/index.php?rest_route=%2Fwp%2Fv2%2Fmedia&parent=44122"}],"wp:term":[{"taxonomy":"category","embeddable":true,"href":"https:\/\/tendenciaspoliticas.com\/index.php?rest_route=%2Fwp%2Fv2%2Fcategories&post=44122"},{"taxonomy":"post_tag","embeddable":true,"href":"https:\/\/tendenciaspoliticas.com\/index.php?rest_route=%2Fwp%2Fv2%2Ftags&post=44122"}],"curies":[{"name":"wp","href":"https:\/\/api.w.org\/{rel}","templated":true}]}}