{"id":44099,"date":"2026-03-11T16:19:00","date_gmt":"2026-03-11T19:19:00","guid":{"rendered":"https:\/\/tendenciaspoliticas.com\/?p=44099"},"modified":"2026-03-11T07:27:53","modified_gmt":"2026-03-11T10:27:53","slug":"un-empresario-denuncio-a-todo-el-comite-ejecutivo-de-la-afa-por-presuntas-irregularidades","status":"publish","type":"post","link":"https:\/\/tendenciaspoliticas.com\/?p=44099","title":{"rendered":"Un empresario denunci\u00f3 a todo el Comit\u00e9 Ejecutivo de la AFA por presuntas irregularidades"},"content":{"rendered":"\n<h3 class=\"wp-block-heading\"><\/h3>\n\n\n\n<figure class=\"wp-block-image size-full is-resized\"><img loading=\"lazy\" decoding=\"async\" width=\"310\" height=\"163\" src=\"https:\/\/tendenciaspoliticas.com\/wp-content\/uploads\/2026\/03\/image-151.png\" alt=\"\" class=\"wp-image-44126\" style=\"width:790px;height:auto\" srcset=\"https:\/\/tendenciaspoliticas.com\/wp-content\/uploads\/2026\/03\/image-151.png 310w, https:\/\/tendenciaspoliticas.com\/wp-content\/uploads\/2026\/03\/image-151-300x158.png 300w\" sizes=\"auto, (max-width: 310px) 100vw, 310px\" \/><\/figure>\n\n\n\n<p><em>Guillermo Tofoni present\u00f3 una denuncia contra la conducci\u00f3n de la entidad en la causa que investiga posibles delitos de administraci\u00f3n fraudulenta y asociaci\u00f3n il\u00edcita.<\/em><\/p>\n\n\n\n<p>El empresario Guillermo Tofoni present\u00f3 una denuncia judicial contra todos los integrantes del Comit\u00e9 Ejecutivo de la Asociaci\u00f3n del F\u00fatbol Argentino (AFA), en el marco de una causa que investiga presuntas irregularidades en la administraci\u00f3n de la entidad.<\/p>\n\n\n\n<p>Tofoni act\u00faa como querellante en el expediente que analiza posibles delitos de administraci\u00f3n fraudulenta y asociaci\u00f3n il\u00edcita vinculados con el manejo de recursos dentro de la instituci\u00f3n que organiza el f\u00fatbol argentino.<\/p>\n\n\n\n<p>La denuncia ampl\u00eda el alcance de la investigaci\u00f3n, que inicialmente se centraba en la actuaci\u00f3n de algunos dirigentes en particular. Con la nueva presentaci\u00f3n, el empresario busca que la Justicia analice la responsabilidad de todos los miembros del \u00f3rgano directivo.<\/p>\n\n\n\n<p>La causa se suma a otros expedientes judiciales que en los \u00faltimos a\u00f1os examinaron la gesti\u00f3n administrativa y financiera de organizaciones deportivas.<\/p>\n\n\n\n<p>El foco de la investigaci\u00f3n est\u00e1 puesto en el manejo de fondos y en posibles decisiones que habr\u00edan afectado el patrimonio de la entidad o incumplido obligaciones legales.<\/p>\n\n\n\n<p>La presentaci\u00f3n judicial se produce en paralelo a las indagatorias que se llevan adelante en otro expediente relacionado con presuntas retenciones ilegales de aportes, en el que est\u00e1n citados distintos dirigentes de la AFA.<\/p>\n\n\n\n<p>En ese contexto, la Justicia avanza con una serie de declaraciones y an\u00e1lisis de documentaci\u00f3n que buscan determinar si existieron irregularidades en la administraci\u00f3n de recursos.<\/p>\n\n\n\n<p>El avance de las investigaciones mantiene en atenci\u00f3n al mundo del f\u00fatbol argentino, ya que cualquier decisi\u00f3n judicial podr\u00eda tener impacto en la estructura de conducci\u00f3n de la entidad.<\/p>\n\n\n\n<p>Mientras contin\u00faan las actuaciones, el expediente se suma a un escenario de creciente escrutinio sobre la transparencia en la gesti\u00f3n de instituciones deportivas.<\/p>\n","protected":false},"excerpt":{"rendered":"<p>Guillermo Tofoni present\u00f3 una denuncia contra la conducci\u00f3n de la entidad en la causa que&#8230;<\/p>\n","protected":false},"author":2,"featured_media":0,"comment_status":"open","ping_status":"open","sticky":false,"template":"","format":"standard","meta":{"footnotes":""},"categories":[13],"tags":[29],"class_list":["post-44099","post","type-post","status-publish","format-standard","hentry","category-ultima-noticia","tag-judiciales"],"_links":{"self":[{"href":"https:\/\/tendenciaspoliticas.com\/index.php?rest_route=\/wp\/v2\/posts\/44099","targetHints":{"allow":["GET"]}}],"collection":[{"href":"https:\/\/tendenciaspoliticas.com\/index.php?rest_route=\/wp\/v2\/posts"}],"about":[{"href":"https:\/\/tendenciaspoliticas.com\/index.php?rest_route=\/wp\/v2\/types\/post"}],"author":[{"embeddable":true,"href":"https:\/\/tendenciaspoliticas.com\/index.php?rest_route=\/wp\/v2\/users\/2"}],"replies":[{"embeddable":true,"href":"https:\/\/tendenciaspoliticas.com\/index.php?rest_route=%2Fwp%2Fv2%2Fcomments&post=44099"}],"version-history":[{"count":1,"href":"https:\/\/tendenciaspoliticas.com\/index.php?rest_route=\/wp\/v2\/posts\/44099\/revisions"}],"predecessor-version":[{"id":44127,"href":"https:\/\/tendenciaspoliticas.com\/index.php?rest_route=\/wp\/v2\/posts\/44099\/revisions\/44127"}],"wp:attachment":[{"href":"https:\/\/tendenciaspoliticas.com\/index.php?rest_route=%2Fwp%2Fv2%2Fmedia&parent=44099"}],"wp:term":[{"taxonomy":"category","embeddable":true,"href":"https:\/\/tendenciaspoliticas.com\/index.php?rest_route=%2Fwp%2Fv2%2Fcategories&post=44099"},{"taxonomy":"post_tag","embeddable":true,"href":"https:\/\/tendenciaspoliticas.com\/index.php?rest_route=%2Fwp%2Fv2%2Ftags&post=44099"}],"curies":[{"name":"wp","href":"https:\/\/api.w.org\/{rel}","templated":true}]}}