{"id":44098,"date":"2026-03-11T16:19:00","date_gmt":"2026-03-11T19:19:00","guid":{"rendered":"https:\/\/tendenciaspoliticas.com\/?p=44098"},"modified":"2026-03-11T07:25:42","modified_gmt":"2026-03-11T10:25:42","slug":"milei-viaja-a-chile-para-la-asuncion-de-kast-y-continuara-su-gira-internacional","status":"publish","type":"post","link":"https:\/\/tendenciaspoliticas.com\/?p=44098","title":{"rendered":"Milei viaja a Chile para la asunci\u00f3n de Kast y continuar\u00e1 su gira internacional"},"content":{"rendered":"\n<h3 class=\"wp-block-heading\"><\/h3>\n\n\n\n<figure class=\"wp-block-image size-large\"><img loading=\"lazy\" decoding=\"async\" width=\"1024\" height=\"577\" src=\"https:\/\/tendenciaspoliticas.com\/wp-content\/uploads\/2026\/03\/image-149-1024x577.png\" alt=\"\" class=\"wp-image-44120\" srcset=\"https:\/\/tendenciaspoliticas.com\/wp-content\/uploads\/2026\/03\/image-149-1024x577.png 1024w, https:\/\/tendenciaspoliticas.com\/wp-content\/uploads\/2026\/03\/image-149-300x169.png 300w, https:\/\/tendenciaspoliticas.com\/wp-content\/uploads\/2026\/03\/image-149-768x433.png 768w, https:\/\/tendenciaspoliticas.com\/wp-content\/uploads\/2026\/03\/image-149.png 1080w\" sizes=\"auto, (max-width: 1024px) 100vw, 1024px\" \/><\/figure>\n\n\n\n<p><em>Tras finalizar su agenda en Nueva York, el Presidente parti\u00f3 hacia Santiago y luego viajar\u00e1 a Espa\u00f1a para participar en un foro econ\u00f3mico.<\/em><\/p>\n\n\n\n<p>El presidente Javier Milei concluy\u00f3 su agenda en Nueva York y parti\u00f3 hacia Chile para asistir a la ceremonia de asunci\u00f3n del nuevo mandatario, Jos\u00e9 Antonio Kast.<\/p>\n\n\n\n<p>El viaje forma parte de una gira internacional que incluye encuentros pol\u00edticos y actividades vinculadas con la promoci\u00f3n econ\u00f3mica de la Argentina.<\/p>\n\n\n\n<p>Luego de participar en la Argentina Week en Estados Unidos, el jefe de Estado y su comitiva viajaron a Santiago de Chile, donde este mi\u00e9rcoles asistir\u00e1n al acto de traspaso de mando presidencial.<\/p>\n\n\n\n<p>Kast asumir\u00e1 como sucesor de Gabriel Boric en un contexto pol\u00edtico marcado por cambios en el escenario regional y expectativas sobre el rumbo econ\u00f3mico del pa\u00eds vecino.<\/p>\n\n\n\n<p>La presencia de Milei en la ceremonia refleja el inter\u00e9s del Gobierno argentino por fortalecer la relaci\u00f3n bilateral con Chile.<\/p>\n\n\n\n<p>Tras la actividad en Santiago, el Presidente continuar\u00e1 su gira y viajar\u00e1 hacia Espa\u00f1a.<\/p>\n\n\n\n<p>All\u00ed participar\u00e1 del Foro Econ\u00f3mico de Madrid, un encuentro que re\u00fane a dirigentes pol\u00edticos, empresarios y referentes del mundo financiero.<\/p>\n\n\n\n<p>Durante esa actividad se espera que Milei exponga los lineamientos del programa econ\u00f3mico argentino y busque reforzar v\u00ednculos con inversores internacionales.<\/p>\n\n\n\n<p>La gira forma parte de la estrategia del Gobierno para posicionar al pa\u00eds en el escenario global y atraer capitales externos.<\/p>\n\n\n\n<p>En paralelo, el Ejecutivo busca consolidar respaldo pol\u00edtico y econ\u00f3mico en el exterior para las reformas impulsadas en el \u00e1mbito interno.<\/p>\n\n\n\n<p>La agenda internacional del Presidente se desarrolla en un momento clave para la econom\u00eda argentina, marcada por reformas estructurales y negociaciones con distintos actores del sistema financiero global.<\/p>\n","protected":false},"excerpt":{"rendered":"<p>Tras finalizar su agenda en Nueva York, el Presidente parti\u00f3 hacia Santiago y luego viajar\u00e1&#8230;<\/p>\n","protected":false},"author":2,"featured_media":0,"comment_status":"open","ping_status":"open","sticky":false,"template":"","format":"standard","meta":{"footnotes":""},"categories":[1],"tags":[14],"class_list":["post-44098","post","type-post","status-publish","format-standard","hentry","category-politica","tag-politica"],"_links":{"self":[{"href":"https:\/\/tendenciaspoliticas.com\/index.php?rest_route=\/wp\/v2\/posts\/44098","targetHints":{"allow":["GET"]}}],"collection":[{"href":"https:\/\/tendenciaspoliticas.com\/index.php?rest_route=\/wp\/v2\/posts"}],"about":[{"href":"https:\/\/tendenciaspoliticas.com\/index.php?rest_route=\/wp\/v2\/types\/post"}],"author":[{"embeddable":true,"href":"https:\/\/tendenciaspoliticas.com\/index.php?rest_route=\/wp\/v2\/users\/2"}],"replies":[{"embeddable":true,"href":"https:\/\/tendenciaspoliticas.com\/index.php?rest_route=%2Fwp%2Fv2%2Fcomments&post=44098"}],"version-history":[{"count":1,"href":"https:\/\/tendenciaspoliticas.com\/index.php?rest_route=\/wp\/v2\/posts\/44098\/revisions"}],"predecessor-version":[{"id":44121,"href":"https:\/\/tendenciaspoliticas.com\/index.php?rest_route=\/wp\/v2\/posts\/44098\/revisions\/44121"}],"wp:attachment":[{"href":"https:\/\/tendenciaspoliticas.com\/index.php?rest_route=%2Fwp%2Fv2%2Fmedia&parent=44098"}],"wp:term":[{"taxonomy":"category","embeddable":true,"href":"https:\/\/tendenciaspoliticas.com\/index.php?rest_route=%2Fwp%2Fv2%2Fcategories&post=44098"},{"taxonomy":"post_tag","embeddable":true,"href":"https:\/\/tendenciaspoliticas.com\/index.php?rest_route=%2Fwp%2Fv2%2Ftags&post=44098"}],"curies":[{"name":"wp","href":"https:\/\/api.w.org\/{rel}","templated":true}]}}