{"id":44096,"date":"2026-03-11T07:22:02","date_gmt":"2026-03-11T10:22:02","guid":{"rendered":"https:\/\/tendenciaspoliticas.com\/?p=44096"},"modified":"2026-03-11T07:22:03","modified_gmt":"2026-03-11T10:22:03","slug":"reves-judicial-para-cristina-kirchner-en-la-causa-cuadernos","status":"publish","type":"post","link":"https:\/\/tendenciaspoliticas.com\/?p=44096","title":{"rendered":"Rev\u00e9s judicial para Cristina Kirchner en la causa Cuadernos"},"content":{"rendered":"\n<h3 class=\"wp-block-heading\"><\/h3>\n\n\n\n<figure class=\"wp-block-image size-large\"><img loading=\"lazy\" decoding=\"async\" width=\"1024\" height=\"576\" src=\"https:\/\/tendenciaspoliticas.com\/wp-content\/uploads\/2026\/03\/image-144-1024x576.png\" alt=\"\" class=\"wp-image-44107\" srcset=\"https:\/\/tendenciaspoliticas.com\/wp-content\/uploads\/2026\/03\/image-144-1024x576.png 1024w, https:\/\/tendenciaspoliticas.com\/wp-content\/uploads\/2026\/03\/image-144-300x169.png 300w, https:\/\/tendenciaspoliticas.com\/wp-content\/uploads\/2026\/03\/image-144-768x432.png 768w, https:\/\/tendenciaspoliticas.com\/wp-content\/uploads\/2026\/03\/image-144.png 1200w\" sizes=\"auto, (max-width: 1024px) 100vw, 1024px\" \/><\/figure>\n\n\n\n<p><em>Los jueces rechazaron los planteos de la ex presidenta y confirmaron que deber\u00e1 presentarse a declarar en el proceso judicial.<\/em><\/p>\n\n\n\n<p>La Justicia rechaz\u00f3 los planteos presentados por Cristina Fern\u00e1ndez de Kirchner en la causa conocida como \u201cCuadernos de las coimas\u201d y confirm\u00f3 que la ex presidenta deber\u00e1 presentarse a declarar en el marco del proceso judicial.<\/p>\n\n\n\n<p>La decisi\u00f3n fue tomada por los jueces que intervienen en el expediente, quienes desestimaron los recursos presentados por la defensa de la ex mandataria con el objetivo de frenar el avance del juicio.<\/p>\n\n\n\n<p>El caso investiga un supuesto sistema de recaudaci\u00f3n ilegal de dinero proveniente de empresarios contratistas del Estado durante los gobiernos kirchneristas. La causa tom\u00f3 impulso a partir de las anotaciones realizadas por un chofer que registr\u00f3 presuntos traslados de bolsos con dinero.<\/p>\n\n\n\n<p>Desde que se inici\u00f3 la investigaci\u00f3n, la defensa de la ex presidenta present\u00f3 diversos planteos judiciales cuestionando la validez del proceso y la legalidad de algunas pruebas incorporadas al expediente.<\/p>\n\n\n\n<p>Sin embargo, los magistrados resolvieron rechazar esos argumentos y confirmaron la continuidad del tr\u00e1mite judicial.<\/p>\n\n\n\n<p>La resoluci\u00f3n implica que Cristina Kirchner deber\u00e1 comparecer en el marco del juicio, en un proceso que se convirti\u00f3 en uno de los expedientes m\u00e1s relevantes de la historia reciente de la pol\u00edtica argentina.<\/p>\n\n\n\n<p>El caso involucra a numerosos ex funcionarios y empresarios, y se centra en presuntas irregularidades vinculadas a contratos de obra p\u00fablica.<\/p>\n\n\n\n<p>El avance de la causa mantiene un fuerte impacto pol\u00edtico, ya que involucra a una de las principales figuras del escenario pol\u00edtico nacional y se desarrolla en un contexto de alta polarizaci\u00f3n.<\/p>\n\n\n\n<p>La evoluci\u00f3n del proceso judicial ser\u00e1 seguida de cerca por el \u00e1mbito pol\u00edtico y por distintos sectores de la sociedad, debido a sus posibles implicancias institucionales.<\/p>\n","protected":false},"excerpt":{"rendered":"<p>Los jueces rechazaron los planteos de la ex presidenta y confirmaron que deber\u00e1 presentarse a&#8230;<\/p>\n","protected":false},"author":2,"featured_media":0,"comment_status":"open","ping_status":"open","sticky":false,"template":"","format":"standard","meta":{"footnotes":""},"categories":[13],"tags":[29],"class_list":["post-44096","post","type-post","status-publish","format-standard","hentry","category-ultima-noticia","tag-judiciales"],"_links":{"self":[{"href":"https:\/\/tendenciaspoliticas.com\/index.php?rest_route=\/wp\/v2\/posts\/44096","targetHints":{"allow":["GET"]}}],"collection":[{"href":"https:\/\/tendenciaspoliticas.com\/index.php?rest_route=\/wp\/v2\/posts"}],"about":[{"href":"https:\/\/tendenciaspoliticas.com\/index.php?rest_route=\/wp\/v2\/types\/post"}],"author":[{"embeddable":true,"href":"https:\/\/tendenciaspoliticas.com\/index.php?rest_route=\/wp\/v2\/users\/2"}],"replies":[{"embeddable":true,"href":"https:\/\/tendenciaspoliticas.com\/index.php?rest_route=%2Fwp%2Fv2%2Fcomments&post=44096"}],"version-history":[{"count":1,"href":"https:\/\/tendenciaspoliticas.com\/index.php?rest_route=\/wp\/v2\/posts\/44096\/revisions"}],"predecessor-version":[{"id":44108,"href":"https:\/\/tendenciaspoliticas.com\/index.php?rest_route=\/wp\/v2\/posts\/44096\/revisions\/44108"}],"wp:attachment":[{"href":"https:\/\/tendenciaspoliticas.com\/index.php?rest_route=%2Fwp%2Fv2%2Fmedia&parent=44096"}],"wp:term":[{"taxonomy":"category","embeddable":true,"href":"https:\/\/tendenciaspoliticas.com\/index.php?rest_route=%2Fwp%2Fv2%2Fcategories&post=44096"},{"taxonomy":"post_tag","embeddable":true,"href":"https:\/\/tendenciaspoliticas.com\/index.php?rest_route=%2Fwp%2Fv2%2Ftags&post=44096"}],"curies":[{"name":"wp","href":"https:\/\/api.w.org\/{rel}","templated":true}]}}