{"id":44095,"date":"2026-03-11T07:21:25","date_gmt":"2026-03-11T10:21:25","guid":{"rendered":"https:\/\/tendenciaspoliticas.com\/?p=44095"},"modified":"2026-03-11T07:21:25","modified_gmt":"2026-03-11T10:21:25","slug":"la-guerra-disparo-el-precio-del-combustible-y-el-litro-de-nafta-supero-los-2-000-en-argentina","status":"publish","type":"post","link":"https:\/\/tendenciaspoliticas.com\/?p=44095","title":{"rendered":"La guerra dispar\u00f3 el precio del combustible y el litro de nafta super\u00f3 los $2.000 en Argentina"},"content":{"rendered":"\n<h3 class=\"wp-block-heading\"><\/h3>\n\n\n\n<figure class=\"wp-block-image size-large\"><img loading=\"lazy\" decoding=\"async\" width=\"1024\" height=\"576\" src=\"https:\/\/tendenciaspoliticas.com\/wp-content\/uploads\/2026\/03\/image-143-1024x576.png\" alt=\"\" class=\"wp-image-44105\" srcset=\"https:\/\/tendenciaspoliticas.com\/wp-content\/uploads\/2026\/03\/image-143-1024x576.png 1024w, https:\/\/tendenciaspoliticas.com\/wp-content\/uploads\/2026\/03\/image-143-300x169.png 300w, https:\/\/tendenciaspoliticas.com\/wp-content\/uploads\/2026\/03\/image-143-768x432.png 768w, https:\/\/tendenciaspoliticas.com\/wp-content\/uploads\/2026\/03\/image-143.png 1280w\" sizes=\"auto, (max-width: 1024px) 100vw, 1024px\" \/><\/figure>\n\n\n\n<p><em>La escalada del conflicto internacional impuls\u00f3 el valor del petr\u00f3leo y gener\u00f3 un fuerte impacto en el precio de los combustibles en el mercado local.<\/em><\/p>\n\n\n\n<p>El aumento del precio internacional del petr\u00f3leo provocado por la guerra en Medio Oriente ya comenz\u00f3 a sentirse en Argentina, donde el litro de nafta super\u00f3 los 2.000 pesos en varias estaciones de servicio.<\/p>\n\n\n\n<p>La suba responde al fuerte incremento del valor del crudo en los mercados internacionales, que reaccionaron con volatilidad ante la posibilidad de interrupciones en el suministro energ\u00e9tico global.<\/p>\n\n\n\n<p>La tensi\u00f3n geopol\u00edtica en la regi\u00f3n gener\u00f3 preocupaci\u00f3n sobre el tr\u00e1nsito de petr\u00f3leo por el estrecho de Ormuz, uno de los principales corredores energ\u00e9ticos del mundo. Cualquier alteraci\u00f3n en ese punto estrat\u00e9gico tiene impacto directo en el precio internacional del barril.<\/p>\n\n\n\n<p>Ese aumento termin\u00f3 traslad\u00e1ndose al mercado argentino, donde los combustibles ya ven\u00edan registrando incrementos en los \u00faltimos meses.<\/p>\n\n\n\n<p>El encarecimiento del combustible genera preocupaci\u00f3n por su impacto en la inflaci\u00f3n y en los costos de transporte y producci\u00f3n. En una econom\u00eda con alta dependencia log\u00edstica, las variaciones en el precio de la energ\u00eda suelen trasladarse r\u00e1pidamente al resto de los precios.<\/p>\n\n\n\n<p>En paralelo, la crisis internacional tambi\u00e9n se vive con intensidad en las zonas cercanas al conflicto. En el kibutz Hanita, una peque\u00f1a comunidad israel\u00ed ubicada en la frontera con L\u00edbano, los habitantes conviven con la amenaza constante del grupo Hezbollah.<\/p>\n\n\n\n<p>La proximidad con la zona de enfrentamientos mantiene en alerta a los residentes, que enfrentan una situaci\u00f3n de incertidumbre permanente ante la posibilidad de nuevos ataques.<\/p>\n\n\n\n<p>Mientras el conflicto contin\u00faa sin se\u00f1ales claras de desescalada, los mercados energ\u00e9ticos permanecen atentos a cualquier novedad que pueda afectar la oferta global de petr\u00f3leo.<\/p>\n","protected":false},"excerpt":{"rendered":"<p>La escalada del conflicto internacional impuls\u00f3 el valor del petr\u00f3leo y gener\u00f3 un fuerte impacto&#8230;<\/p>\n","protected":false},"author":2,"featured_media":0,"comment_status":"open","ping_status":"open","sticky":false,"template":"","format":"standard","meta":{"footnotes":""},"categories":[10,13],"tags":[15],"class_list":["post-44095","post","type-post","status-publish","format-standard","hentry","category-economia","category-ultima-noticia","tag-economia"],"_links":{"self":[{"href":"https:\/\/tendenciaspoliticas.com\/index.php?rest_route=\/wp\/v2\/posts\/44095","targetHints":{"allow":["GET"]}}],"collection":[{"href":"https:\/\/tendenciaspoliticas.com\/index.php?rest_route=\/wp\/v2\/posts"}],"about":[{"href":"https:\/\/tendenciaspoliticas.com\/index.php?rest_route=\/wp\/v2\/types\/post"}],"author":[{"embeddable":true,"href":"https:\/\/tendenciaspoliticas.com\/index.php?rest_route=\/wp\/v2\/users\/2"}],"replies":[{"embeddable":true,"href":"https:\/\/tendenciaspoliticas.com\/index.php?rest_route=%2Fwp%2Fv2%2Fcomments&post=44095"}],"version-history":[{"count":1,"href":"https:\/\/tendenciaspoliticas.com\/index.php?rest_route=\/wp\/v2\/posts\/44095\/revisions"}],"predecessor-version":[{"id":44106,"href":"https:\/\/tendenciaspoliticas.com\/index.php?rest_route=\/wp\/v2\/posts\/44095\/revisions\/44106"}],"wp:attachment":[{"href":"https:\/\/tendenciaspoliticas.com\/index.php?rest_route=%2Fwp%2Fv2%2Fmedia&parent=44095"}],"wp:term":[{"taxonomy":"category","embeddable":true,"href":"https:\/\/tendenciaspoliticas.com\/index.php?rest_route=%2Fwp%2Fv2%2Fcategories&post=44095"},{"taxonomy":"post_tag","embeddable":true,"href":"https:\/\/tendenciaspoliticas.com\/index.php?rest_route=%2Fwp%2Fv2%2Ftags&post=44095"}],"curies":[{"name":"wp","href":"https:\/\/api.w.org\/{rel}","templated":true}]}}