{"id":44094,"date":"2026-03-11T07:22:40","date_gmt":"2026-03-11T10:22:40","guid":{"rendered":"https:\/\/tendenciaspoliticas.com\/?p=44094"},"modified":"2026-03-11T07:22:41","modified_gmt":"2026-03-11T10:22:41","slug":"expoagro-mostro-el-avance-tecnologico-del-campo-con-record-de-publico","status":"publish","type":"post","link":"https:\/\/tendenciaspoliticas.com\/?p=44094","title":{"rendered":"Expoagro mostr\u00f3 el avance tecnol\u00f3gico del campo con r\u00e9cord de p\u00fablico"},"content":{"rendered":"\n<h3 class=\"wp-block-heading\"><\/h3>\n\n\n\n<figure class=\"wp-block-image size-full\"><img loading=\"lazy\" decoding=\"async\" width=\"800\" height=\"450\" src=\"https:\/\/tendenciaspoliticas.com\/wp-content\/uploads\/2026\/03\/image-145.png\" alt=\"\" class=\"wp-image-44110\" srcset=\"https:\/\/tendenciaspoliticas.com\/wp-content\/uploads\/2026\/03\/image-145.png 800w, https:\/\/tendenciaspoliticas.com\/wp-content\/uploads\/2026\/03\/image-145-300x169.png 300w, https:\/\/tendenciaspoliticas.com\/wp-content\/uploads\/2026\/03\/image-145-768x432.png 768w\" sizes=\"auto, (max-width: 800px) 100vw, 800px\" \/><\/figure>\n\n\n\n<p><em>La tradicional exposici\u00f3n agroindustrial volvi\u00f3 a convocar a miles de visitantes y exhibi\u00f3 las \u00faltimas innovaciones del sector.<\/em><\/p>\n\n\n\n<p>La edici\u00f3n m\u00e1s reciente de Expoagro volvi\u00f3 a consolidarse como uno de los principales eventos del sector agroindustrial argentino, con un r\u00e9cord de p\u00fablico que recorri\u00f3 la muestra para conocer las \u00faltimas innovaciones tecnol\u00f3gicas aplicadas al campo.<\/p>\n\n\n\n<p>Durante el tradicional corte de cintas que marc\u00f3 la apertura oficial del evento, el secretario de Agricultura, Sergio Iraeta, destac\u00f3 la importancia del sector agropecuario para la econom\u00eda del pa\u00eds.<\/p>\n\n\n\n<p>El funcionario afirm\u00f3 que el Gobierno continuar\u00e1 avanzando en la reducci\u00f3n de los derechos de exportaci\u00f3n, aunque subray\u00f3 que ese proceso se realizar\u00e1 \u201ccon responsabilidad fiscal\u201d.<\/p>\n\n\n\n<p>Expoagro re\u00fane cada a\u00f1o a productores, empresas de maquinaria agr\u00edcola, desarrolladores de tecnolog\u00eda y representantes del sistema financiero, en un espacio donde se presentan nuevos equipos, herramientas digitales y soluciones para mejorar la productividad del campo.<\/p>\n\n\n\n<p>En los distintos stands se exhibieron innovaciones vinculadas a la agricultura de precisi\u00f3n, maquinaria de \u00faltima generaci\u00f3n, sistemas de monitoreo satelital y nuevas tecnolog\u00edas para optimizar la producci\u00f3n agr\u00edcola.<\/p>\n\n\n\n<p>El evento tambi\u00e9n funciona como un punto de encuentro para el intercambio comercial y el an\u00e1lisis de las perspectivas del sector.<\/p>\n\n\n\n<p>En un contexto econ\u00f3mico desafiante, el campo contin\u00faa siendo uno de los motores centrales de la generaci\u00f3n de divisas para la Argentina. Por ese motivo, las expectativas del sector agroindustrial suelen tener un impacto directo en el clima econ\u00f3mico del pa\u00eds.<\/p>\n\n\n\n<p>La gran concurrencia registrada en esta edici\u00f3n reflej\u00f3 el inter\u00e9s que despierta el sector y la importancia que mantiene dentro de la estructura productiva nacional.<\/p>\n","protected":false},"excerpt":{"rendered":"<p>La tradicional exposici\u00f3n agroindustrial volvi\u00f3 a convocar a miles de visitantes y exhibi\u00f3 las \u00faltimas&#8230;<\/p>\n","protected":false},"author":2,"featured_media":0,"comment_status":"open","ping_status":"open","sticky":false,"template":"","format":"standard","meta":{"footnotes":""},"categories":[10,13],"tags":[15],"class_list":["post-44094","post","type-post","status-publish","format-standard","hentry","category-economia","category-ultima-noticia","tag-economia"],"_links":{"self":[{"href":"https:\/\/tendenciaspoliticas.com\/index.php?rest_route=\/wp\/v2\/posts\/44094","targetHints":{"allow":["GET"]}}],"collection":[{"href":"https:\/\/tendenciaspoliticas.com\/index.php?rest_route=\/wp\/v2\/posts"}],"about":[{"href":"https:\/\/tendenciaspoliticas.com\/index.php?rest_route=\/wp\/v2\/types\/post"}],"author":[{"embeddable":true,"href":"https:\/\/tendenciaspoliticas.com\/index.php?rest_route=\/wp\/v2\/users\/2"}],"replies":[{"embeddable":true,"href":"https:\/\/tendenciaspoliticas.com\/index.php?rest_route=%2Fwp%2Fv2%2Fcomments&post=44094"}],"version-history":[{"count":1,"href":"https:\/\/tendenciaspoliticas.com\/index.php?rest_route=\/wp\/v2\/posts\/44094\/revisions"}],"predecessor-version":[{"id":44111,"href":"https:\/\/tendenciaspoliticas.com\/index.php?rest_route=\/wp\/v2\/posts\/44094\/revisions\/44111"}],"wp:attachment":[{"href":"https:\/\/tendenciaspoliticas.com\/index.php?rest_route=%2Fwp%2Fv2%2Fmedia&parent=44094"}],"wp:term":[{"taxonomy":"category","embeddable":true,"href":"https:\/\/tendenciaspoliticas.com\/index.php?rest_route=%2Fwp%2Fv2%2Fcategories&post=44094"},{"taxonomy":"post_tag","embeddable":true,"href":"https:\/\/tendenciaspoliticas.com\/index.php?rest_route=%2Fwp%2Fv2%2Ftags&post=44094"}],"curies":[{"name":"wp","href":"https:\/\/api.w.org\/{rel}","templated":true}]}}