{"id":44093,"date":"2026-03-11T07:23:42","date_gmt":"2026-03-11T10:23:42","guid":{"rendered":"https:\/\/tendenciaspoliticas.com\/?p=44093"},"modified":"2026-03-11T07:23:42","modified_gmt":"2026-03-11T10:23:42","slug":"identificaron-12-cuerpos-de-desaparecidos-en-la-perla-a-50-anos-del-golpe","status":"publish","type":"post","link":"https:\/\/tendenciaspoliticas.com\/?p=44093","title":{"rendered":"Identificaron 12 cuerpos de desaparecidos en La Perla a 50 a\u00f1os del golpe"},"content":{"rendered":"\n<h3 class=\"wp-block-heading\"><\/h3>\n\n\n\n<figure class=\"wp-block-image size-full\"><img loading=\"lazy\" decoding=\"async\" width=\"1024\" height=\"585\" src=\"https:\/\/tendenciaspoliticas.com\/wp-content\/uploads\/2026\/03\/image-146.png\" alt=\"\" class=\"wp-image-44112\" srcset=\"https:\/\/tendenciaspoliticas.com\/wp-content\/uploads\/2026\/03\/image-146.png 1024w, https:\/\/tendenciaspoliticas.com\/wp-content\/uploads\/2026\/03\/image-146-300x171.png 300w, https:\/\/tendenciaspoliticas.com\/wp-content\/uploads\/2026\/03\/image-146-768x439.png 768w\" sizes=\"auto, (max-width: 1024px) 100vw, 1024px\" \/><\/figure>\n\n\n\n<p><em>El hallazgo en el ex centro clandestino de detenci\u00f3n de C\u00f3rdoba refuerza el proceso de Memoria, Verdad y Justicia impulsado por familiares, la Justicia y el Equipo Argentino de Antropolog\u00eda Forense.<\/em><\/p>\n\n\n\n<p>A cincuenta a\u00f1os del golpe de Estado de 1976, la identificaci\u00f3n de doce cuerpos de personas desaparecidas en el ex centro clandestino de detenci\u00f3n La Perla, en C\u00f3rdoba, volvi\u00f3 a poner en primer plano el proceso de Memoria, Verdad y Justicia en la Argentina.<\/p>\n\n\n\n<p>El avance fue posible gracias al trabajo conjunto de familiares de las v\u00edctimas, la Justicia y el Equipo Argentino de Antropolog\u00eda Forense (EAAF), que desde hace d\u00e9cadas investiga e identifica restos de personas desaparecidas durante la \u00faltima dictadura militar.<\/p>\n\n\n\n<p>La Perla funcion\u00f3 como uno de los principales campos de exterminio del aparato represivo. Por ese centro clandestino pasaron miles de detenidos durante el terrorismo de Estado, muchos de los cuales contin\u00faan desaparecidos.<\/p>\n\n\n\n<p>La identificaci\u00f3n de las v\u00edctimas representa un paso fundamental para reconstruir la historia de quienes fueron secuestrados y asesinados por el r\u00e9gimen militar, adem\u00e1s de brindar respuestas a familiares que durante d\u00e9cadas buscaron conocer el destino de sus seres queridos.<\/p>\n\n\n\n<p>El hallazgo adquiere un significado particular en el contexto del 50\u00b0 aniversario del golpe de Estado, una fecha que reaviva debates pol\u00edticos y sociales sobre la memoria hist\u00f3rica del pa\u00eds.<\/p>\n\n\n\n<p>Organismos de derechos humanos destacan que cada identificaci\u00f3n constituye un avance en la reconstrucci\u00f3n de la verdad y en la reparaci\u00f3n simb\u00f3lica para las familias.<\/p>\n\n\n\n<p>El trabajo cient\u00edfico del EAAF se basa en la comparaci\u00f3n de perfiles gen\u00e9ticos, investigaciones forenses y an\u00e1lisis hist\u00f3ricos que permiten identificar restos encontrados en fosas comunes o enterramientos clandestinos.<\/p>\n\n\n\n<p>A pesar de los avances logrados en los \u00faltimos a\u00f1os, a\u00fan quedan numerosos casos sin resolver. Por eso, especialistas y organismos de derechos humanos sostienen que la continuidad de estas investigaciones resulta clave para completar la reconstrucci\u00f3n de lo ocurrido durante la dictadura.<\/p>\n","protected":false},"excerpt":{"rendered":"<p>El hallazgo en el ex centro clandestino de detenci\u00f3n de C\u00f3rdoba refuerza el proceso de&#8230;<\/p>\n","protected":false},"author":2,"featured_media":0,"comment_status":"open","ping_status":"open","sticky":false,"template":"","format":"standard","meta":{"footnotes":""},"categories":[1],"tags":[14],"class_list":["post-44093","post","type-post","status-publish","format-standard","hentry","category-politica","tag-politica"],"_links":{"self":[{"href":"https:\/\/tendenciaspoliticas.com\/index.php?rest_route=\/wp\/v2\/posts\/44093","targetHints":{"allow":["GET"]}}],"collection":[{"href":"https:\/\/tendenciaspoliticas.com\/index.php?rest_route=\/wp\/v2\/posts"}],"about":[{"href":"https:\/\/tendenciaspoliticas.com\/index.php?rest_route=\/wp\/v2\/types\/post"}],"author":[{"embeddable":true,"href":"https:\/\/tendenciaspoliticas.com\/index.php?rest_route=\/wp\/v2\/users\/2"}],"replies":[{"embeddable":true,"href":"https:\/\/tendenciaspoliticas.com\/index.php?rest_route=%2Fwp%2Fv2%2Fcomments&post=44093"}],"version-history":[{"count":1,"href":"https:\/\/tendenciaspoliticas.com\/index.php?rest_route=\/wp\/v2\/posts\/44093\/revisions"}],"predecessor-version":[{"id":44113,"href":"https:\/\/tendenciaspoliticas.com\/index.php?rest_route=\/wp\/v2\/posts\/44093\/revisions\/44113"}],"wp:attachment":[{"href":"https:\/\/tendenciaspoliticas.com\/index.php?rest_route=%2Fwp%2Fv2%2Fmedia&parent=44093"}],"wp:term":[{"taxonomy":"category","embeddable":true,"href":"https:\/\/tendenciaspoliticas.com\/index.php?rest_route=%2Fwp%2Fv2%2Fcategories&post=44093"},{"taxonomy":"post_tag","embeddable":true,"href":"https:\/\/tendenciaspoliticas.com\/index.php?rest_route=%2Fwp%2Fv2%2Ftags&post=44093"}],"curies":[{"name":"wp","href":"https:\/\/api.w.org\/{rel}","templated":true}]}}