{"id":44091,"date":"2026-03-11T07:24:16","date_gmt":"2026-03-11T10:24:16","guid":{"rendered":"https:\/\/tendenciaspoliticas.com\/?p=44091"},"modified":"2026-03-11T07:24:17","modified_gmt":"2026-03-11T10:24:17","slug":"gobernadores-destacaron-la-argentina-week-y-hablaron-de-generar-confianza-para-atraer-inversiones","status":"publish","type":"post","link":"https:\/\/tendenciaspoliticas.com\/?p=44091","title":{"rendered":"Gobernadores destacaron la Argentina Week y hablaron de generar confianza para atraer inversiones"},"content":{"rendered":"\n<h3 class=\"wp-block-heading\"><\/h3>\n\n\n\n<figure class=\"wp-block-image size-full\"><img loading=\"lazy\" decoding=\"async\" width=\"1000\" height=\"601\" src=\"https:\/\/tendenciaspoliticas.com\/wp-content\/uploads\/2026\/03\/image-147.png\" alt=\"\" class=\"wp-image-44115\" srcset=\"https:\/\/tendenciaspoliticas.com\/wp-content\/uploads\/2026\/03\/image-147.png 1000w, https:\/\/tendenciaspoliticas.com\/wp-content\/uploads\/2026\/03\/image-147-300x180.png 300w, https:\/\/tendenciaspoliticas.com\/wp-content\/uploads\/2026\/03\/image-147-768x462.png 768w\" sizes=\"auto, (max-width: 1000px) 100vw, 1000px\" \/><\/figure>\n\n\n\n<p><em>Mandatarios de distintos espacios pol\u00edticos coincidieron en la importancia de enviar se\u00f1ales de previsibilidad econ\u00f3mica.<\/em><\/p>\n\n\n\n<p>La realizaci\u00f3n de la Argentina Week en Estados Unidos gener\u00f3 expectativas entre gobernadores de distintas provincias, que valoraron el evento como una oportunidad para mejorar la confianza internacional en el pa\u00eds y atraer nuevas inversiones.<\/p>\n\n\n\n<p>Los mandatarios provinciales destacaron que la presencia de empresarios y referentes del mundo financiero en el encuentro representa una se\u00f1al positiva para el desarrollo de proyectos productivos en distintas regiones de la Argentina.<\/p>\n\n\n\n<p>Seg\u00fan se\u00f1alaron, uno de los principales desaf\u00edos para el pa\u00eds es lograr un clima de previsibilidad que permita consolidar inversiones de largo plazo.<\/p>\n\n\n\n<p>En ese sentido, remarcaron que la estabilidad macroecon\u00f3mica y reglas claras para los inversores son factores determinantes para impulsar el crecimiento econ\u00f3mico.<\/p>\n\n\n\n<p>A pesar del inter\u00e9s generado por el evento, los gobernadores no mantuvieron reuniones privadas con el presidente Javier Milei durante la actividad.<\/p>\n\n\n\n<p>Sin embargo, varios de ellos coincidieron en que la Argentina necesita fortalecer su relaci\u00f3n con los mercados internacionales para potenciar sectores estrat\u00e9gicos como la energ\u00eda, el agro y la miner\u00eda.<\/p>\n\n\n\n<p>La Argentina Week re\u00fane a empresarios, inversores y funcionarios que analizan oportunidades de negocios vinculadas a distintos sectores productivos del pa\u00eds.<\/p>\n\n\n\n<p>En ese contexto, las provincias buscan posicionarse como destinos atractivos para proyectos de inversi\u00f3n, especialmente en \u00e1reas relacionadas con recursos naturales y desarrollo industrial.<\/p>\n\n\n\n<p>Los gobernadores tambi\u00e9n subrayaron que la llegada de capitales externos podr\u00eda contribuir a impulsar la generaci\u00f3n de empleo y a fortalecer las econom\u00edas regionales.<\/p>\n\n\n\n<p>En un escenario econ\u00f3mico complejo, las provincias consideran que estos encuentros internacionales pueden ser una herramienta para mejorar la inserci\u00f3n del pa\u00eds en los mercados globales.<\/p>\n","protected":false},"excerpt":{"rendered":"<p>Mandatarios de distintos espacios pol\u00edticos coincidieron en la importancia de enviar se\u00f1ales de previsibilidad econ\u00f3mica&#8230;.<\/p>\n","protected":false},"author":2,"featured_media":0,"comment_status":"open","ping_status":"open","sticky":false,"template":"","format":"standard","meta":{"footnotes":""},"categories":[1],"tags":[14],"class_list":["post-44091","post","type-post","status-publish","format-standard","hentry","category-politica","tag-politica"],"_links":{"self":[{"href":"https:\/\/tendenciaspoliticas.com\/index.php?rest_route=\/wp\/v2\/posts\/44091","targetHints":{"allow":["GET"]}}],"collection":[{"href":"https:\/\/tendenciaspoliticas.com\/index.php?rest_route=\/wp\/v2\/posts"}],"about":[{"href":"https:\/\/tendenciaspoliticas.com\/index.php?rest_route=\/wp\/v2\/types\/post"}],"author":[{"embeddable":true,"href":"https:\/\/tendenciaspoliticas.com\/index.php?rest_route=\/wp\/v2\/users\/2"}],"replies":[{"embeddable":true,"href":"https:\/\/tendenciaspoliticas.com\/index.php?rest_route=%2Fwp%2Fv2%2Fcomments&post=44091"}],"version-history":[{"count":1,"href":"https:\/\/tendenciaspoliticas.com\/index.php?rest_route=\/wp\/v2\/posts\/44091\/revisions"}],"predecessor-version":[{"id":44116,"href":"https:\/\/tendenciaspoliticas.com\/index.php?rest_route=\/wp\/v2\/posts\/44091\/revisions\/44116"}],"wp:attachment":[{"href":"https:\/\/tendenciaspoliticas.com\/index.php?rest_route=%2Fwp%2Fv2%2Fmedia&parent=44091"}],"wp:term":[{"taxonomy":"category","embeddable":true,"href":"https:\/\/tendenciaspoliticas.com\/index.php?rest_route=%2Fwp%2Fv2%2Fcategories&post=44091"},{"taxonomy":"post_tag","embeddable":true,"href":"https:\/\/tendenciaspoliticas.com\/index.php?rest_route=%2Fwp%2Fv2%2Ftags&post=44091"}],"curies":[{"name":"wp","href":"https:\/\/api.w.org\/{rel}","templated":true}]}}