{"id":44090,"date":"2026-03-11T07:20:43","date_gmt":"2026-03-11T10:20:43","guid":{"rendered":"https:\/\/tendenciaspoliticas.com\/?p=44090"},"modified":"2026-03-11T07:20:44","modified_gmt":"2026-03-11T10:20:44","slug":"milei-endurecio-su-discurso-contra-empresarios-argentinos-durante-su-paso-por-nueva-york","status":"publish","type":"post","link":"https:\/\/tendenciaspoliticas.com\/?p=44090","title":{"rendered":"Milei endureci\u00f3 su discurso contra empresarios argentinos durante su paso por Nueva York"},"content":{"rendered":"\n<h3 class=\"wp-block-heading\"><\/h3>\n\n\n\n<figure class=\"wp-block-image size-large\"><img loading=\"lazy\" decoding=\"async\" width=\"1024\" height=\"576\" src=\"https:\/\/tendenciaspoliticas.com\/wp-content\/uploads\/2026\/03\/image-141-1024x576.png\" alt=\"\" class=\"wp-image-44101\" srcset=\"https:\/\/tendenciaspoliticas.com\/wp-content\/uploads\/2026\/03\/image-141-1024x576.png 1024w, https:\/\/tendenciaspoliticas.com\/wp-content\/uploads\/2026\/03\/image-141-300x169.png 300w, https:\/\/tendenciaspoliticas.com\/wp-content\/uploads\/2026\/03\/image-141-768x432.png 768w, https:\/\/tendenciaspoliticas.com\/wp-content\/uploads\/2026\/03\/image-141-1536x864.png 1536w, https:\/\/tendenciaspoliticas.com\/wp-content\/uploads\/2026\/03\/image-141.png 1800w\" sizes=\"auto, (max-width: 1024px) 100vw, 1024px\" \/><\/figure>\n\n\n\n<p><em>El Presidente volvi\u00f3 a apuntar contra Paolo Rocca y Javier Madanes Quintanilla durante la Argentina Week, en un mensaje que gener\u00f3 sorpresa entre empresarios e inversores.<\/em><\/p>\n\n\n\n<p>El presidente Javier Milei protagoniz\u00f3 un fuerte discurso contra empresarios argentinos durante su participaci\u00f3n en la Argentina Week en Nueva York, lo que gener\u00f3 sorpresa entre parte del auditorio y volvi\u00f3 a tensar la relaci\u00f3n del Gobierno con algunos de los principales grupos econ\u00f3micos del pa\u00eds.<\/p>\n\n\n\n<p>Durante su intervenci\u00f3n, el mandatario apunt\u00f3 directamente contra el titular del Grupo Techint, Paolo Rocca, y contra el empresario Javier Madanes Quintanilla, due\u00f1o de Fate y Aluar. Las cr\u00edticas se enmarcaron en el discurso habitual de Milei contra lo que denomina \u201cempresarios prebendarios\u201d, a quienes acusa de beneficiarse de regulaciones y privilegios otorgados por el Estado.<\/p>\n\n\n\n<p>El tono del Presidente llam\u00f3 la atenci\u00f3n entre los asistentes al encuentro, que re\u00fane a empresarios, funcionarios y representantes del sector financiero interesados en las oportunidades de inversi\u00f3n en la Argentina. En ese contexto, varios participantes esperaban un mensaje orientado a reforzar la previsibilidad econ\u00f3mica y a promover el ingreso de capitales.<\/p>\n\n\n\n<p>Sin embargo, Milei decidi\u00f3 reiterar sus cuestionamientos a sectores del empresariado local. Seg\u00fan trascendi\u00f3, el mandatario insisti\u00f3 en que el pa\u00eds debe abandonar el modelo que, a su juicio, favoreci\u00f3 a grupos empresarios que crecieron al amparo del Estado.<\/p>\n\n\n\n<p>Las declaraciones se produjeron mientras el Gobierno busca consolidar su programa econ\u00f3mico basado en el ajuste fiscal, la desregulaci\u00f3n de la econom\u00eda y la apertura de mercados.<\/p>\n\n\n\n<p>La intervenci\u00f3n del Presidente gener\u00f3 distintas reacciones entre los presentes. Mientras algunos interpretaron el mensaje como una reafirmaci\u00f3n de su discurso pol\u00edtico, otros se\u00f1alaron que el tono confrontativo podr\u00eda generar inquietud en un momento en que el Ejecutivo intenta atraer inversiones externas.<\/p>\n\n\n\n<p>El episodio se suma a otros cruces recientes entre el Gobierno y sectores empresarios, en medio de un contexto econ\u00f3mico marcado por reformas estructurales y tensiones con distintos actores del sector productivo.<\/p>\n","protected":false},"excerpt":{"rendered":"<p>El Presidente volvi\u00f3 a apuntar contra Paolo Rocca y Javier Madanes Quintanilla durante la Argentina&#8230;<\/p>\n","protected":false},"author":2,"featured_media":0,"comment_status":"open","ping_status":"open","sticky":false,"template":"","format":"standard","meta":{"footnotes":""},"categories":[1],"tags":[14],"class_list":["post-44090","post","type-post","status-publish","format-standard","hentry","category-politica","tag-politica"],"_links":{"self":[{"href":"https:\/\/tendenciaspoliticas.com\/index.php?rest_route=\/wp\/v2\/posts\/44090","targetHints":{"allow":["GET"]}}],"collection":[{"href":"https:\/\/tendenciaspoliticas.com\/index.php?rest_route=\/wp\/v2\/posts"}],"about":[{"href":"https:\/\/tendenciaspoliticas.com\/index.php?rest_route=\/wp\/v2\/types\/post"}],"author":[{"embeddable":true,"href":"https:\/\/tendenciaspoliticas.com\/index.php?rest_route=\/wp\/v2\/users\/2"}],"replies":[{"embeddable":true,"href":"https:\/\/tendenciaspoliticas.com\/index.php?rest_route=%2Fwp%2Fv2%2Fcomments&post=44090"}],"version-history":[{"count":1,"href":"https:\/\/tendenciaspoliticas.com\/index.php?rest_route=\/wp\/v2\/posts\/44090\/revisions"}],"predecessor-version":[{"id":44104,"href":"https:\/\/tendenciaspoliticas.com\/index.php?rest_route=\/wp\/v2\/posts\/44090\/revisions\/44104"}],"wp:attachment":[{"href":"https:\/\/tendenciaspoliticas.com\/index.php?rest_route=%2Fwp%2Fv2%2Fmedia&parent=44090"}],"wp:term":[{"taxonomy":"category","embeddable":true,"href":"https:\/\/tendenciaspoliticas.com\/index.php?rest_route=%2Fwp%2Fv2%2Fcategories&post=44090"},{"taxonomy":"post_tag","embeddable":true,"href":"https:\/\/tendenciaspoliticas.com\/index.php?rest_route=%2Fwp%2Fv2%2Ftags&post=44090"}],"curies":[{"name":"wp","href":"https:\/\/api.w.org\/{rel}","templated":true}]}}