{"id":44084,"date":"2026-03-10T16:48:00","date_gmt":"2026-03-10T19:48:00","guid":{"rendered":"https:\/\/tendenciaspoliticas.com\/?p=44084"},"modified":"2026-03-10T07:49:22","modified_gmt":"2026-03-10T10:49:22","slug":"comienza-la-obra-del-anillo-pampa-para-mejorar-la-conexion-con-aeroparque","status":"publish","type":"post","link":"https:\/\/tendenciaspoliticas.com\/?p=44084","title":{"rendered":"Comienza la obra del \u201cAnillo Pampa\u201d para mejorar la conexi\u00f3n con Aeroparque"},"content":{"rendered":"\n<figure class=\"wp-block-image size-full is-resized\"><img loading=\"lazy\" decoding=\"async\" width=\"421\" height=\"305\" src=\"https:\/\/tendenciaspoliticas.com\/wp-content\/uploads\/2026\/03\/image-139.png\" alt=\"\" class=\"wp-image-44085\" style=\"width:790px;height:auto\" srcset=\"https:\/\/tendenciaspoliticas.com\/wp-content\/uploads\/2026\/03\/image-139.png 421w, https:\/\/tendenciaspoliticas.com\/wp-content\/uploads\/2026\/03\/image-139-300x217.png 300w\" sizes=\"auto, (max-width: 421px) 100vw, 421px\" \/><\/figure>\n\n\n\n<p>El proyecto incluye un t\u00fanel vehicular de m\u00e1s de 500 metros y un puente peatonal circular. La obra busca mejorar la circulaci\u00f3n entre Palermo, Belgrano y la Costanera, aunque implicar\u00e1 cortes de tr\u00e1nsito y cambios en recorridos de colectivos.<\/p>\n\n\n\n<p>El Gobierno de la Ciudad iniciar\u00e1 esta semana la construcci\u00f3n del llamado \u201cAnillo Pampa\u201d, una obra de infraestructura destinada a mejorar la conexi\u00f3n entre los barrios de Palermo y Belgrano y el acceso a la zona del r\u00edo y al Aeroparque Jorge Newbery. El proyecto contempla la construcci\u00f3n de un paso bajo nivel vehicular y un puente peatonal circular que funcionar\u00e1 como nuevo espacio urbano.<\/p>\n\n\n\n<p>El comienzo de los trabajos implicar\u00e1 el cierre de la calle La Pampa entre las avenidas Lugones y Figueroa Alcorta, lo que afectar\u00e1 los accesos a la autopista en esa zona. Como alternativa, los automovilistas podr\u00e1n utilizar las rampas ubicadas en Udaondo o continuar hasta Omb\u00faes para ingresar o salir de la v\u00eda r\u00e1pida.<\/p>\n\n\n\n<p>Tambi\u00e9n habr\u00e1 cambios en el transporte p\u00fablico. La l\u00ednea 28 dejar\u00e1 de circular por La Pampa hacia Figueroa Alcorta y tomar\u00e1 directamente el puente Scalabrini Ortiz para dirigirse hacia la Costanera. En tanto, un ramal de la l\u00ednea 130 que atraviesa los Bosques de Palermo modificar\u00e1 su recorrido y pasar\u00e1 a circular por la avenida Del Libertador.<\/p>\n\n\n\n<p>La obra principal consiste en un t\u00fanel vehicular de aproximadamente 540 metros de longitud que pasar\u00e1 por debajo de la avenida Lugones, la autopista Illia y las v\u00edas del ferrocarril Belgrano Norte. Tendr\u00e1 cuatro carriles, dos por cada sentido, y una altura superior a los cuatro metros para permitir el paso de colectivos, buses y veh\u00edculos de emergencia.<\/p>\n\n\n\n<p>Seg\u00fan las autoridades porte\u00f1as, el objetivo es resolver la desconexi\u00f3n hist\u00f3rica entre la ciudad y la ribera del R\u00edo de la Plata en esa zona, donde actualmente los cruces disponibles generan desv\u00edos y demoras para el tr\u00e1nsito.<\/p>\n\n\n\n<p>Adem\u00e1s del t\u00fanel, el proyecto incluye un puente circular para peatones y ciclistas. El anillo tendr\u00e1 unos 140 metros de di\u00e1metro y cerca de 440 metros de recorrido, con ciclov\u00edas, espacios gastron\u00f3micos y un mirador desde el que se podr\u00e1n observar los despegues y aterrizajes del Aeroparque.<\/p>\n","protected":false},"excerpt":{"rendered":"<p>El proyecto incluye un t\u00fanel vehicular de m\u00e1s de 500 metros y un puente peatonal&#8230;<\/p>\n","protected":false},"author":2,"featured_media":0,"comment_status":"open","ping_status":"open","sticky":false,"template":"","format":"standard","meta":{"footnotes":""},"categories":[40,13],"tags":[39],"class_list":["post-44084","post","type-post","status-publish","format-standard","hentry","category-sociedad","category-ultima-noticia","tag-sociedad"],"_links":{"self":[{"href":"https:\/\/tendenciaspoliticas.com\/index.php?rest_route=\/wp\/v2\/posts\/44084","targetHints":{"allow":["GET"]}}],"collection":[{"href":"https:\/\/tendenciaspoliticas.com\/index.php?rest_route=\/wp\/v2\/posts"}],"about":[{"href":"https:\/\/tendenciaspoliticas.com\/index.php?rest_route=\/wp\/v2\/types\/post"}],"author":[{"embeddable":true,"href":"https:\/\/tendenciaspoliticas.com\/index.php?rest_route=\/wp\/v2\/users\/2"}],"replies":[{"embeddable":true,"href":"https:\/\/tendenciaspoliticas.com\/index.php?rest_route=%2Fwp%2Fv2%2Fcomments&post=44084"}],"version-history":[{"count":1,"href":"https:\/\/tendenciaspoliticas.com\/index.php?rest_route=\/wp\/v2\/posts\/44084\/revisions"}],"predecessor-version":[{"id":44086,"href":"https:\/\/tendenciaspoliticas.com\/index.php?rest_route=\/wp\/v2\/posts\/44084\/revisions\/44086"}],"wp:attachment":[{"href":"https:\/\/tendenciaspoliticas.com\/index.php?rest_route=%2Fwp%2Fv2%2Fmedia&parent=44084"}],"wp:term":[{"taxonomy":"category","embeddable":true,"href":"https:\/\/tendenciaspoliticas.com\/index.php?rest_route=%2Fwp%2Fv2%2Fcategories&post=44084"},{"taxonomy":"post_tag","embeddable":true,"href":"https:\/\/tendenciaspoliticas.com\/index.php?rest_route=%2Fwp%2Fv2%2Ftags&post=44084"}],"curies":[{"name":"wp","href":"https:\/\/api.w.org\/{rel}","templated":true}]}}