{"id":44081,"date":"2026-03-10T16:47:00","date_gmt":"2026-03-10T19:47:00","guid":{"rendered":"https:\/\/tendenciaspoliticas.com\/?p=44081"},"modified":"2026-03-10T07:48:18","modified_gmt":"2026-03-10T10:48:18","slug":"crimen-de-paulina-lebbos-el-acusado-pidio-que-se-sepa-la-verdad","status":"publish","type":"post","link":"https:\/\/tendenciaspoliticas.com\/?p=44081","title":{"rendered":"Crimen de Paulina Lebbos: el acusado pidi\u00f3 \u201cque se sepa la verdad\u201d"},"content":{"rendered":"\n<h2 class=\"wp-block-heading\">En el inicio del juicio en su contra, en Tucum\u00e1n, C\u00e9sar Soto, el ex de la v\u00edctima, dijo que el caso le arruin\u00f3 la vida.<\/h2>\n\n\n\n<figure class=\"wp-block-image size-full is-resized\"><img loading=\"lazy\" decoding=\"async\" width=\"567\" height=\"227\" src=\"https:\/\/tendenciaspoliticas.com\/wp-content\/uploads\/2026\/03\/image-138.png\" alt=\"\" class=\"wp-image-44082\" style=\"width:790px;height:auto\" srcset=\"https:\/\/tendenciaspoliticas.com\/wp-content\/uploads\/2026\/03\/image-138.png 567w, https:\/\/tendenciaspoliticas.com\/wp-content\/uploads\/2026\/03\/image-138-300x120.png 300w\" sizes=\"auto, (max-width: 567px) 100vw, 567px\" \/><\/figure>\n\n\n\n<p>C\u00e9sar Soto (44) se sent\u00f3 frente a un tribunal de Tucum\u00e1n, por primera vez como acusado del crimen de su ex pareja, Paulina Lebbos (23), hace dos d\u00e9cadas, y habl\u00f3, sin aceptar preguntas.<\/p>\n\n\n\n<p>Ante los jueces Gustavo Romagnoli, Fabi\u00e1n Fradejas y Luis Morales Lezica, se mostr\u00f3 como v\u00edctima y neg\u00f3 ser el asesino de la joven. &#8220;Somos personas de bien, personas trabajadoras. No hice nada de lo que se me acusa&#8221;, expres\u00f3.<\/p>\n\n\n\n<p>Soto dijo que el caso, que conmovi\u00f3 a la provincia, tambi\u00e9n le arruin\u00f3 la vida: &#8220;Durante estos 20 a\u00f1os siempre he estado como en las sombras, viendo c\u00f3mo sobrevivo&#8221;.<\/p>\n\n\n\n<p>El acusado, a quien Alberto Lebbos (71), pap\u00e1 de la v\u00edctima, se\u00f1al\u00f3 como su asesino, agreg\u00f3: &#8220;A m\u00ed nadie me ha preguntado c\u00f3mo me he sentido yo, siempre acusar, acusar y acusar. Yo he perdido a mi pareja, a mi hija y pr\u00e1cticamente mi vida&#8221;. El acusado ten\u00eda una relaci\u00f3n con Paulina Lebbos atravesada por la violencia. Hab\u00edan tenido una hija (hoy de 25 a\u00f1os), pero nunca convivieron.<\/p>\n\n\n\n<p>&#8220;Soy el primero que necesita que se sepa la verdad. Se dijeron miles de cosas horribles de mi persona, cosas que no son, ni siquiera el duelo pude hacer&#8221;, complet\u00f3.<\/p>\n\n\n\n<p>Finalmente, enfatiz\u00f3: &#8220;Esto es un perjuicio para todas las personas que me rodean. Yo pude formar una familia, pero siempre hay algo que no cierra en mi vida. Por todos ellos vengo a pedir por favor que esto se aclare y se sepa la verdad&#8221;.<\/p>\n\n\n\n<p>El d\u00eda de la desaparici\u00f3n de Paulina, Soto tuvo varias llamadas telef\u00f3nicas con Sergio Kale\u00f1uk (46), dirigente del club Atl\u00e9tico Tucum\u00e1n y el nexo entre los negocios de la barra con la instituci\u00f3n.<\/p>\n\n\n\n<p>Este hombre, hijo del ex secretario privado del ex gobernador Jos\u00e9 Alperovich, Juan Alberto Kale\u00f1uk, tambi\u00e9n es juzgado, aunque por encubrimiento.<\/p>\n\n\n\n<p>En sus palabras ante el tribunal, tambi\u00e9n sin responder preguntas, neg\u00f3 su v\u00ednculo con Soto: &#8220;Yo a este se\u00f1or no lo conozco. Nunca lo vi en mi vida. No tengo nada que ver con esto&#8221;.<\/p>\n\n\n\n<p>&#8220;La vida no es as\u00ed. Siempre quisieron perjudicarme. No justifico el ensa\u00f1amiento contra mi persona&#8221;, advirti\u00f3 Kale\u00f1uk.<\/p>\n\n\n\n<p>Adem\u00e1s, plante\u00f3: &#8220;\u00bfAlguien se acuerda de m\u00ed? \u00bfDe mi familia? Nadie se pone de mi lado&#8221;.<\/p>\n\n\n\n<p>Y remarc\u00f3 que fue &#8220;sobrese\u00eddo dos veces&#8221;, por lo que todo esto es una situaci\u00f3n il\u00f3gica e injusta&#8221;.<\/p>\n\n\n\n<p>Paulina ten\u00eda 23 a\u00f1os y estudiaba Comunicaci\u00f3n Social en la Universidad Nacional de Tucum\u00e1n. El 26 de febrero de 2006 hab\u00eda aprobado un final y decidi\u00f3 salir a bailar al boliche &#8220;Gitana&#8221; junto a su amiga Virginia Mercado para celebrar.<\/p>\n\n\n\n<p>Al terminar la noche se tomaron juntas un rem\u00eds y esa es la \u00faltima verdad. Paulina, seg\u00fan dijo Virginia -que reconoci\u00f3 haber mentido en sus declaraciones y que podr\u00eda ser acusada de encubrimiento- dej\u00f3 a su amiga en su casa, le pidi\u00f3 una mochila que hab\u00eda quedado all\u00ed antes de salir y deb\u00eda seguir viaje hasta la casa del padre de su hija, C\u00e9sar Soto. Nunca lleg\u00f3.<\/p>\n\n\n\n<p>La b\u00fasqueda fue desesperada. Su cuerpo fue encontrado 13 d\u00edas despu\u00e9s en la ruta 341, a la altura del kil\u00f3metro 3, en Tapia, a unos 30 kil\u00f3metros del centro de la ciudad. Desde entonces, las mentiras se apoderaron de la investigaci\u00f3n y todav\u00eda no est\u00e1 claro qu\u00e9 pas\u00f3 con ella.<\/p>\n","protected":false},"excerpt":{"rendered":"<p>En el inicio del juicio en su contra, en Tucum\u00e1n, C\u00e9sar Soto, el ex de&#8230;<\/p>\n","protected":false},"author":2,"featured_media":0,"comment_status":"open","ping_status":"open","sticky":false,"template":"","format":"standard","meta":{"footnotes":""},"categories":[40,13],"tags":[39],"class_list":["post-44081","post","type-post","status-publish","format-standard","hentry","category-sociedad","category-ultima-noticia","tag-sociedad"],"_links":{"self":[{"href":"https:\/\/tendenciaspoliticas.com\/index.php?rest_route=\/wp\/v2\/posts\/44081","targetHints":{"allow":["GET"]}}],"collection":[{"href":"https:\/\/tendenciaspoliticas.com\/index.php?rest_route=\/wp\/v2\/posts"}],"about":[{"href":"https:\/\/tendenciaspoliticas.com\/index.php?rest_route=\/wp\/v2\/types\/post"}],"author":[{"embeddable":true,"href":"https:\/\/tendenciaspoliticas.com\/index.php?rest_route=\/wp\/v2\/users\/2"}],"replies":[{"embeddable":true,"href":"https:\/\/tendenciaspoliticas.com\/index.php?rest_route=%2Fwp%2Fv2%2Fcomments&post=44081"}],"version-history":[{"count":1,"href":"https:\/\/tendenciaspoliticas.com\/index.php?rest_route=\/wp\/v2\/posts\/44081\/revisions"}],"predecessor-version":[{"id":44083,"href":"https:\/\/tendenciaspoliticas.com\/index.php?rest_route=\/wp\/v2\/posts\/44081\/revisions\/44083"}],"wp:attachment":[{"href":"https:\/\/tendenciaspoliticas.com\/index.php?rest_route=%2Fwp%2Fv2%2Fmedia&parent=44081"}],"wp:term":[{"taxonomy":"category","embeddable":true,"href":"https:\/\/tendenciaspoliticas.com\/index.php?rest_route=%2Fwp%2Fv2%2Fcategories&post=44081"},{"taxonomy":"post_tag","embeddable":true,"href":"https:\/\/tendenciaspoliticas.com\/index.php?rest_route=%2Fwp%2Fv2%2Ftags&post=44081"}],"curies":[{"name":"wp","href":"https:\/\/api.w.org\/{rel}","templated":true}]}}