{"id":44075,"date":"2026-03-10T16:44:00","date_gmt":"2026-03-10T19:44:00","guid":{"rendered":"https:\/\/tendenciaspoliticas.com\/?p=44075"},"modified":"2026-03-10T07:45:30","modified_gmt":"2026-03-10T10:45:30","slug":"conflicto-ambientalista-con-uruguay-por-una-planta-industrial-en-paysandu","status":"publish","type":"post","link":"https:\/\/tendenciaspoliticas.com\/?p=44075","title":{"rendered":"Conflicto ambientalista con Uruguay por una planta industrial en Paysand\u00fa"},"content":{"rendered":"\n<h1 class=\"wp-block-heading\">Entre R\u00edos est\u00e1 en alerta. El proyecto es en la ribera uruguaya, frente a Col\u00f3n. Revive la disputa por Botnia.<\/h1>\n\n\n\n<figure class=\"wp-block-image size-full\"><img loading=\"lazy\" decoding=\"async\" width=\"660\" height=\"372\" src=\"https:\/\/tendenciaspoliticas.com\/wp-content\/uploads\/2026\/03\/image-136.png\" alt=\"\" class=\"wp-image-44076\" srcset=\"https:\/\/tendenciaspoliticas.com\/wp-content\/uploads\/2026\/03\/image-136.png 660w, https:\/\/tendenciaspoliticas.com\/wp-content\/uploads\/2026\/03\/image-136-300x169.png 300w\" sizes=\"auto, (max-width: 660px) 100vw, 660px\" \/><\/figure>\n\n\n\n<p>El proyecto uruguayo para instalar en Paysand\u00fa una planta de combustibles sint\u00e9ticos que combinar\u00eda hidr\u00f3geno verde producido in situ con CO biog\u00e9nico capturado de la combusti\u00f3n de residuos forestales mantiene en vilo a los vecinos de Col\u00f3n, en Entre R\u00edos, quienes ya judicializaron la iniciativa.<\/p>\n\n\n\n<p>El escenario amenaza con convertirse en un nuevo foco de tensi\u00f3n bilateral, similar al que enfrent\u00f3 a Argentina y Uruguay hace casi dos d\u00e9cadas por la instalaci\u00f3n de la planta de celulosa de la empresa finlandesa Botnia sobre la margen uruguaya del r\u00edo, a la altura de Fray Bentos: el llamado conflicto por las pasteras.<\/p>\n\n\n\n<p>Aquella controversia deriv\u00f3 en a\u00f1os de protestas comunitarias con cortes en los puentes internacionales e incluso llev\u00f3 a ambos pa\u00edses ante la Corte Internacional de Justicia de La Haya. El tribunal concluy\u00f3 que Uruguay hab\u00eda incumplido los procedimientos de informaci\u00f3n y consulta previstos en el Estatuto del R\u00edo Uruguay, aunque determin\u00f3 que no se hab\u00eda probado una contaminaci\u00f3n significativa del r\u00edo. Por eso, la planta -puesta en funcionamiento en 2007 y luego adquirida por UPM en 2009- continu\u00f3 operando.<\/p>\n\n\n\n<p>En ese momento, el conflicto se agrav\u00f3 por la falta de comunicaci\u00f3n entre los dos pa\u00edses para cumplir con los tratados vigentes, una situaci\u00f3n que algunos actores afirman que vuelve a repetirse. Entonces tambi\u00e9n confluyeron la movilizaci\u00f3n de comunidades entrerrianas, grupos ambientalistas y la escalada que protagonizaron los fallecidos N\u00e9stor Kirchner y Tabar\u00e9 V\u00e1zquez hacia 2005.<\/p>\n\n\n\n<p>En la actualidad, el foco del conflicto est\u00e1 en un fuerte reclamo de la oposici\u00f3n entrerriana y en la judicializaci\u00f3n del proyecto. Pero el gobierno de Rogelio Frigerio sostiene que lo sigue hace un a\u00f1o.<\/p>\n\n\n\n<p>Este fin de semana, los diputados Guillermo Michel y Marianela Marclay, junto con el senador Ad\u00e1n Bahl \u2014todos peronistas\u2014 se presentaron como \u201camicus curiae\u201d en la causa que tramita en la<\/p>\n\n\n\n<p>Justicia Federal por la instalaci\u00f3n de la planta de hidr\u00f3geno verde que construye en Uruguay, frente a Entre R\u00edos, la empresa HIF Global.<\/p>\n\n\n\n<p>Por su parte, Frigerio mantiene el tema como una cuesti\u00f3n de Estado. Lo habl\u00f3 con el presidente Yamand\u00fa Orsi y con su canciller, Mario Lubetkin . El gobernador no est\u00e1 en contra de la planta, afirman, sino que pide que la relocalicen para que no haya contaminaci\u00f3n visual y no afecte el desarrollo tur\u00edstico de la zona.<\/p>\n\n\n\n<p>HIF Global se define como desarrolladora de proyectos de e-combustibles.<\/p>\n\n\n\n<p>La inversi\u00f3n en Uruguay es de 5.300 millones de d\u00f3lares.<\/p>\n\n\n\n<p>Seg\u00fan su informaci\u00f3n oficial, produce e-fuels en la planta HIF Haru Oni, en Chile, y desarrolla proyectos a escala comercial en Estados Unidos, Uruguay, Chile, Brasil y Australia.<\/p>\n\n\n\n<p>La inversi\u00f3n estimada para el proyecto en Paysand\u00fa supera los 5.300 millones de d\u00f3lares. Pero la protesta va creciendo del lado argentino. Ocurre que en la costa entrerriana crece la preocupaci\u00f3n porque su econom\u00eda es tur\u00edstica y temen volver a enfrentarse con un paisaje dominado por una gran instalaci\u00f3n industrial y chimeneas visibles desde sus playas, en la otra orilla del r\u00edo Uruguay. El proyecto estima que est\u00e9n a unos 3 a 4 kil\u00f3metros de la costa del r\u00edo y el gobierno entrerriano les pide que lo hagan a 30.<\/p>\n\n\n\n<p>\u201cLa transparencia y el acceso a la informaci\u00f3n son fundamentales en un tema que puede afectar al r\u00edo Uruguay y a nuestras comunidades\u201d, afirm\u00f3 Michel. Indic\u00f3 que \u201cno se habr\u00eda activado el procedimiento de informaci\u00f3n y consulta previa previsto en el art\u00edculo 7 y siguientes del Estatuto del R\u00edo Uruguay, que obliga a los Estados a regular y limitar el uso del r\u00edo y proteger su medio ambiente\u201d, agreg\u00f3.<\/p>\n\n\n\n<p>Ese art\u00edculo establece que si uno de los pa\u00edses planea realizar una obra que pueda afectar la navegaci\u00f3n, el r\u00e9gimen del r\u00edo o la calidad de sus aguas, debe comunicarlo a la Comisi\u00f3n Administradora del R\u00edo Uruguay (CARU), acompa\u00f1ando la documentaci\u00f3n t\u00e9cnica y los estudios necesarios para que la otra parte pueda evaluar sus efectos.<\/p>\n\n\n\n<p>Seg\u00fan los legisladores entrerrianos, ese procedimiento no se habr\u00eda cumplido. Tambi\u00e9n sostienen que corresponde a la delegaci\u00f3n argentina ante la CARU exigir no s\u00f3lo la notificaci\u00f3n de la intenci\u00f3n del proyecto, sino la presentaci\u00f3n del plan t\u00e9cnico completo para evaluar su impacto ambiental.<\/p>\n","protected":false},"excerpt":{"rendered":"<p>Entre R\u00edos est\u00e1 en alerta. El proyecto es en la ribera uruguaya, frente a Col\u00f3n&#8230;.<\/p>\n","protected":false},"author":2,"featured_media":0,"comment_status":"open","ping_status":"open","sticky":false,"template":"","format":"standard","meta":{"footnotes":""},"categories":[40,13],"tags":[39],"class_list":["post-44075","post","type-post","status-publish","format-standard","hentry","category-sociedad","category-ultima-noticia","tag-sociedad"],"_links":{"self":[{"href":"https:\/\/tendenciaspoliticas.com\/index.php?rest_route=\/wp\/v2\/posts\/44075","targetHints":{"allow":["GET"]}}],"collection":[{"href":"https:\/\/tendenciaspoliticas.com\/index.php?rest_route=\/wp\/v2\/posts"}],"about":[{"href":"https:\/\/tendenciaspoliticas.com\/index.php?rest_route=\/wp\/v2\/types\/post"}],"author":[{"embeddable":true,"href":"https:\/\/tendenciaspoliticas.com\/index.php?rest_route=\/wp\/v2\/users\/2"}],"replies":[{"embeddable":true,"href":"https:\/\/tendenciaspoliticas.com\/index.php?rest_route=%2Fwp%2Fv2%2Fcomments&post=44075"}],"version-history":[{"count":1,"href":"https:\/\/tendenciaspoliticas.com\/index.php?rest_route=\/wp\/v2\/posts\/44075\/revisions"}],"predecessor-version":[{"id":44077,"href":"https:\/\/tendenciaspoliticas.com\/index.php?rest_route=\/wp\/v2\/posts\/44075\/revisions\/44077"}],"wp:attachment":[{"href":"https:\/\/tendenciaspoliticas.com\/index.php?rest_route=%2Fwp%2Fv2%2Fmedia&parent=44075"}],"wp:term":[{"taxonomy":"category","embeddable":true,"href":"https:\/\/tendenciaspoliticas.com\/index.php?rest_route=%2Fwp%2Fv2%2Fcategories&post=44075"},{"taxonomy":"post_tag","embeddable":true,"href":"https:\/\/tendenciaspoliticas.com\/index.php?rest_route=%2Fwp%2Fv2%2Ftags&post=44075"}],"curies":[{"name":"wp","href":"https:\/\/api.w.org\/{rel}","templated":true}]}}