{"id":44072,"date":"2026-03-10T16:43:00","date_gmt":"2026-03-10T19:43:00","guid":{"rendered":"https:\/\/tendenciaspoliticas.com\/?p=44072"},"modified":"2026-03-10T07:44:35","modified_gmt":"2026-03-10T10:44:35","slug":"la-interna-libertaria-se-traslada-a-la-provincia-de-buenos-aires","status":"publish","type":"post","link":"https:\/\/tendenciaspoliticas.com\/?p=44072","title":{"rendered":"La interna libertaria se traslada a la Provincia de Buenos Aires"},"content":{"rendered":"\n<p>La disputa entre Karina Milei y el asesor presidencial Santiago Caputo tambi\u00e9n impacta en el armado bonaerense de La Libertad Avanza. Mientras la hermana del Presidente respalda a Sebasti\u00e1n Pareja como principal organizador pol\u00edtico en el distrito, el sector cercano a Caputo impulsa a Agust\u00edn Romo y a la agrupaci\u00f3n Las Fuerzas del Cielo.<br><\/p>\n\n\n\n<figure class=\"wp-block-image size-full is-resized\"><img loading=\"lazy\" decoding=\"async\" width=\"421\" height=\"250\" src=\"https:\/\/tendenciaspoliticas.com\/wp-content\/uploads\/2026\/03\/image-135.png\" alt=\"\" class=\"wp-image-44073\" style=\"width:790px;height:auto\" srcset=\"https:\/\/tendenciaspoliticas.com\/wp-content\/uploads\/2026\/03\/image-135.png 421w, https:\/\/tendenciaspoliticas.com\/wp-content\/uploads\/2026\/03\/image-135-300x178.png 300w\" sizes=\"auto, (max-width: 421px) 100vw, 421px\" \/><\/figure>\n\n\n\n<p>Las tensiones dentro del oficialismo volvieron a quedar expuestas tras el recambio en el Ministerio de Justicia, con la llegada de Juan Bautista Mahiques y Santiago Viola y la salida del viceministro Sebasti\u00e1n Amerio, identificado con el sector conocido como \u201ccelestial\u201d. Aunque en las \u00faltimas semanas ambas corrientes intentaron bajar el perfil de las diferencias para avanzar con reformas en el Congreso, la disputa por el control pol\u00edtico contin\u00faa.<\/p>\n\n\n\n<p>El conflicto tambi\u00e9n se refleja en la provincia de Buenos Aires, el distrito electoral m\u00e1s grande del pa\u00eds y un territorio clave para el crecimiento de La Libertad Avanza. All\u00ed el armado pol\u00edtico responde principalmente a Karina Milei, quien sostiene como referente al diputado nacional Sebasti\u00e1n Pareja, responsable del esquema organizativo y del armado de listas en el distrito.<\/p>\n\n\n\n<p>En paralelo, el sector cercano a Santiago Caputo impulsa a la agrupaci\u00f3n Las Fuerzas del Cielo, creada en 2024 y presentada como un espacio de militancia libertaria. Dentro de ese grupo, el diputado provincial Agust\u00edn Romo aparece como una de las figuras promovidas para una eventual candidatura a gobernador en 2027.<\/p>\n\n\n\n<p>La convivencia entre ambos sectores se mantiene en un equilibrio fr\u00e1gil. Dirigentes de distintas l\u00edneas internas compartieron recientemente una cena en La Plata tras la apertura de sesiones ordinarias encabezada por el gobernador Axel Kicillof. Sin embargo, hubo ausencias significativas que reflejan las tensiones internas.<\/p>\n\n\n\n<p>Adem\u00e1s de las corrientes libertarias, otros actores del oficialismo nacional buscan posicionarse en la provincia. Entre ellos se destacan dirigentes vinculados al PRO, como Diego Santilli y Patricia Bullrich, que mantienen presencia en el territorio a trav\u00e9s de intendentes y legisladores provinciales.<\/p>\n","protected":false},"excerpt":{"rendered":"<p>La disputa entre Karina Milei y el asesor presidencial Santiago Caputo tambi\u00e9n impacta en el&#8230;<\/p>\n","protected":false},"author":2,"featured_media":0,"comment_status":"open","ping_status":"open","sticky":false,"template":"","format":"standard","meta":{"footnotes":""},"categories":[1],"tags":[14],"class_list":["post-44072","post","type-post","status-publish","format-standard","hentry","category-politica","tag-politica"],"_links":{"self":[{"href":"https:\/\/tendenciaspoliticas.com\/index.php?rest_route=\/wp\/v2\/posts\/44072","targetHints":{"allow":["GET"]}}],"collection":[{"href":"https:\/\/tendenciaspoliticas.com\/index.php?rest_route=\/wp\/v2\/posts"}],"about":[{"href":"https:\/\/tendenciaspoliticas.com\/index.php?rest_route=\/wp\/v2\/types\/post"}],"author":[{"embeddable":true,"href":"https:\/\/tendenciaspoliticas.com\/index.php?rest_route=\/wp\/v2\/users\/2"}],"replies":[{"embeddable":true,"href":"https:\/\/tendenciaspoliticas.com\/index.php?rest_route=%2Fwp%2Fv2%2Fcomments&post=44072"}],"version-history":[{"count":1,"href":"https:\/\/tendenciaspoliticas.com\/index.php?rest_route=\/wp\/v2\/posts\/44072\/revisions"}],"predecessor-version":[{"id":44074,"href":"https:\/\/tendenciaspoliticas.com\/index.php?rest_route=\/wp\/v2\/posts\/44072\/revisions\/44074"}],"wp:attachment":[{"href":"https:\/\/tendenciaspoliticas.com\/index.php?rest_route=%2Fwp%2Fv2%2Fmedia&parent=44072"}],"wp:term":[{"taxonomy":"category","embeddable":true,"href":"https:\/\/tendenciaspoliticas.com\/index.php?rest_route=%2Fwp%2Fv2%2Fcategories&post=44072"},{"taxonomy":"post_tag","embeddable":true,"href":"https:\/\/tendenciaspoliticas.com\/index.php?rest_route=%2Fwp%2Fv2%2Ftags&post=44072"}],"curies":[{"name":"wp","href":"https:\/\/api.w.org\/{rel}","templated":true}]}}