{"id":44069,"date":"2026-03-10T07:43:43","date_gmt":"2026-03-10T10:43:43","guid":{"rendered":"https:\/\/tendenciaspoliticas.com\/?p=44069"},"modified":"2026-03-10T07:43:44","modified_gmt":"2026-03-10T10:43:44","slug":"la-justicia-revoco-la-orden-de-desalojo-del-predio-de-fate","status":"publish","type":"post","link":"https:\/\/tendenciaspoliticas.com\/?p=44069","title":{"rendered":"La Justicia revoc\u00f3 la orden de desalojo del predio de FATE"},"content":{"rendered":"\n<figure class=\"wp-block-image size-full is-resized\"><img loading=\"lazy\" decoding=\"async\" width=\"360\" height=\"240\" src=\"https:\/\/tendenciaspoliticas.com\/wp-content\/uploads\/2026\/03\/image-134.png\" alt=\"\" class=\"wp-image-44070\" style=\"width:790px;height:auto\" srcset=\"https:\/\/tendenciaspoliticas.com\/wp-content\/uploads\/2026\/03\/image-134.png 360w, https:\/\/tendenciaspoliticas.com\/wp-content\/uploads\/2026\/03\/image-134-300x200.png 300w\" sizes=\"auto, (max-width: 360px) 100vw, 360px\" \/><\/figure>\n\n\n\n<p>Por unanimidad, la Sala II de la C\u00e1mara de Apelaci\u00f3n y Garant\u00edas en lo penal de San Isidro revoc\u00f3 la orden de desalojo del predio de la f\u00e1brica de neum\u00e1ticos FATE dictada el 18 de febrero por el Juzgado de Garant\u00edas Esteban Rossignoli, quien tras un pedido del fiscal Marcelo Fuenzalida, hab\u00eda ordenado el desalojo del inmueble situado en Blanco Encalada 3003, en Virreyes, San Fernando.<\/p>\n\n\n\n<p>Alejandro Crespo, secretario general del sindicato del neum\u00e1tico SUTNA, hab\u00eda apelado aquella orden argumentando que se trataba de un conflicto laboral, y no de una causa de \u00edndole penal.<\/p>\n\n\n\n<p>Los camaristas Juan Stepaniuc, Luis Cayuela y Leonardo Pitlevnik, dictaminaron que es \u201cun conflicto laboral en el marco del cual los operarios de la empresa Fate han decidido tomar una v\u00eda de acci\u00f3n directa e ingresar a la f\u00e1brica donde trabajaban en defensa de sus puestos de trabajo. La huelga, como expresi\u00f3n m\u00e1s pura del reclamo, se encuentra reconocida como derecho en el art\u00edculo 14 bis de la Constituci\u00f3n Nacional y se trata de un medio de acci\u00f3n directa, de car\u00e1cter colectivo, destinada a preservar o conquistar derechos o intereses de los trabajadores.\u201d<\/p>\n\n\n\n<p>\u201cEl motivo que habr\u00eda llevado a la actual situaci\u00f3n es la p\u00e9rdida de la fuente laboral de un grupo de entre 900 y 1000 empleados. M\u00e1s all\u00e1 de lo que corresponda resolver sobre el fondo y de reconocer que el conflicto importa tambi\u00e9n una posible afectaci\u00f3n al derecho de propiedad, tambi\u00e9n es cierto que la afectaci\u00f3n de un derecho constitucional con relaci\u00f3n a los trabajadores, a quienes se lanzar\u00eda del inmueble, importar\u00eda un gravamen irreparable que justifica ingresar al tratamiento del presente recurso\u201d, consideraron los integrantes de la Sala II.<\/p>\n\n\n\n<p>Seg\u00fan denunci\u00f3 Crespo, \u201cla empresa ha incumplido un acuerdo\u201d y desde entonces \u201cestamos cursando los carriles administrativos propios del \u00e1mbito laboral. Un \u00e1mbito que, incluso nuestra Constituci\u00f3n Provincial protege e impulsa, pues en su art\u00edculo 39 incisos 1 y 2 no solo prev\u00e9 el derecho al trabajo y a la organizaci\u00f3n sindical, sino que promueve \u2018la soluci\u00f3n de los conflictos mediante la conciliaci\u00f3n, y establecer tribunales especializados para solucionar los conflictos de trabajo\u2019\u201d.<\/p>\n\n\n\n<p>Los camaristas consideraron que \u201cla adopci\u00f3n de una medida cautelar en el \u00e1mbito de la penalizaci\u00f3n de la conducta de trabajadores y representantes sindicales cuando a\u00fan no han finalizado las instancias de conciliaci\u00f3n y negociaci\u00f3n entre las partes en conflicto, resulta prematura y as\u00ed debe declararse.\u201d<\/p>\n\n\n\n<p>Como consecuencia de ello, los jueces resolvieron revocar la decisi\u00f3n que ordenaba el lanzamiento de los trabajadores del predio de FATE, que ocupan la f\u00e1brica desde que en la empresa comunic\u00f3 su cierre, el 19 de febrero pasado.<\/p>\n\n\n\n<p>El ministerio de Capital Humano declar\u00f3 la conciliaci\u00f3n obligatoria en el conflicto, lo que obliga a retrotraer el estado de cosas hasta los momentos previos de la crisis. Sin embargo, la planta no volvi\u00f3 a funcionar y un grupo de operarios sigue ocupando sus instalaciones.<\/p>\n\n\n\n<p>Tampoco se vislumbra con claridad cu\u00e1l pod\u00eda ser la salida del t\u00fanel. El motivo que seg\u00fan sus accionistas caus\u00f3 el fin de las operaciones de Fate es la ca\u00edda de la demanda por la competencia de los neum\u00e1ticos chinos y, seg\u00fan escribieron en los telegramas de despido de sus empleados, \u201cun contexto de severa crisis econ\u00f3mica y productiva, que desde hace tiempo viene afectando muy negativamente la actividad de la empresa\u201d.<\/p>\n","protected":false},"excerpt":{"rendered":"<p>Por unanimidad, la Sala II de la C\u00e1mara de Apelaci\u00f3n y Garant\u00edas en lo penal&#8230;<\/p>\n","protected":false},"author":2,"featured_media":0,"comment_status":"open","ping_status":"open","sticky":false,"template":"","format":"standard","meta":{"footnotes":""},"categories":[10,13],"tags":[15],"class_list":["post-44069","post","type-post","status-publish","format-standard","hentry","category-economia","category-ultima-noticia","tag-economia"],"_links":{"self":[{"href":"https:\/\/tendenciaspoliticas.com\/index.php?rest_route=\/wp\/v2\/posts\/44069","targetHints":{"allow":["GET"]}}],"collection":[{"href":"https:\/\/tendenciaspoliticas.com\/index.php?rest_route=\/wp\/v2\/posts"}],"about":[{"href":"https:\/\/tendenciaspoliticas.com\/index.php?rest_route=\/wp\/v2\/types\/post"}],"author":[{"embeddable":true,"href":"https:\/\/tendenciaspoliticas.com\/index.php?rest_route=\/wp\/v2\/users\/2"}],"replies":[{"embeddable":true,"href":"https:\/\/tendenciaspoliticas.com\/index.php?rest_route=%2Fwp%2Fv2%2Fcomments&post=44069"}],"version-history":[{"count":1,"href":"https:\/\/tendenciaspoliticas.com\/index.php?rest_route=\/wp\/v2\/posts\/44069\/revisions"}],"predecessor-version":[{"id":44071,"href":"https:\/\/tendenciaspoliticas.com\/index.php?rest_route=\/wp\/v2\/posts\/44069\/revisions\/44071"}],"wp:attachment":[{"href":"https:\/\/tendenciaspoliticas.com\/index.php?rest_route=%2Fwp%2Fv2%2Fmedia&parent=44069"}],"wp:term":[{"taxonomy":"category","embeddable":true,"href":"https:\/\/tendenciaspoliticas.com\/index.php?rest_route=%2Fwp%2Fv2%2Fcategories&post=44069"},{"taxonomy":"post_tag","embeddable":true,"href":"https:\/\/tendenciaspoliticas.com\/index.php?rest_route=%2Fwp%2Fv2%2Ftags&post=44069"}],"curies":[{"name":"wp","href":"https:\/\/api.w.org\/{rel}","templated":true}]}}