{"id":44066,"date":"2026-03-10T16:42:00","date_gmt":"2026-03-10T19:42:00","guid":{"rendered":"https:\/\/tendenciaspoliticas.com\/?p=44066"},"modified":"2026-03-10T07:42:59","modified_gmt":"2026-03-10T10:42:59","slug":"el-gobierno-evalua-postergar-la-implementacion-del-sistema-acusatorio-en-comodoro-py","status":"publish","type":"post","link":"https:\/\/tendenciaspoliticas.com\/?p=44066","title":{"rendered":"El Gobierno eval\u00faa postergar la implementaci\u00f3n del sistema acusatorio en Comodoro Py"},"content":{"rendered":"\n<p>La reforma judicial estaba prevista para el 20 de abril en los tribunales federales de la Ciudad de Buenos Aires, pero la falta de fiscales, infraestructura y recursos tecnol\u00f3gicos pone en duda que pueda aplicarse en esa fecha.<\/p>\n\n\n\n<figure class=\"wp-block-image size-full\"><img loading=\"lazy\" decoding=\"async\" width=\"421\" height=\"272\" src=\"https:\/\/tendenciaspoliticas.com\/wp-content\/uploads\/2026\/03\/image-133.png\" alt=\"\" class=\"wp-image-44067\" srcset=\"https:\/\/tendenciaspoliticas.com\/wp-content\/uploads\/2026\/03\/image-133.png 421w, https:\/\/tendenciaspoliticas.com\/wp-content\/uploads\/2026\/03\/image-133-300x194.png 300w\" sizes=\"auto, (max-width: 421px) 100vw, 421px\" \/><\/figure>\n\n\n\n<p>El Ministerio de Justicia analiza la posibilidad de postergar nuevamente la implementaci\u00f3n del sistema procesal acusatorio en los tribunales federales de Comodoro Py, prevista originalmente para el 20 de abril. La decisi\u00f3n depende de si se logran resolver a tiempo los problemas de infraestructura, recursos humanos y financiamiento que distintos actores del sistema judicial vienen se\u00f1alando desde hace meses.<\/p>\n\n\n\n<p>El nuevo ministro de Justicia, Juan Bautista Mahiques, revisa la situaci\u00f3n apenas d\u00edas despu\u00e9s de haber asumido el cargo. Durante la gesti\u00f3n de su antecesor, Mariano C\u00faneo Libarona, la entrada en vigencia del nuevo C\u00f3digo Procesal Penal ya hab\u00eda sido aplazada en dos oportunidades por dificultades operativas.<\/p>\n\n\n\n<p>El sistema acusatorio modifica de manera sustancial el funcionamiento de las investigaciones judiciales. Bajo este modelo, los fiscales pasan a tener un rol central, ya que son los encargados de conducir las investigaciones, mientras que los jueces se concentran en garantizar el proceso y resolver los conflictos entre las partes.<\/p>\n\n\n\n<p>Desde la Procuraci\u00f3n General de la Naci\u00f3n advierten que la principal dificultad radica en la falta de fiscales. Seg\u00fan datos del propio organismo, cerca del 46% de las fiscal\u00edas federales y nacionales se encuentran vacantes, lo que dificulta poner en marcha un sistema que depende en gran medida del trabajo del Ministerio P\u00fablico Fiscal.<\/p>\n\n\n\n<p>El procurador general interino, Eduardo Casal, ya hab\u00eda advertido en reiteradas oportunidades que el cambio de modelo requiere mayores recursos humanos y tecnol\u00f3gicos. Tambi\u00e9n se\u00f1al\u00f3 que el nuevo esquema demandar\u00e1 una gran cantidad de audiencias orales simult\u00e1neas, lo que exige mejoras en la conectividad y en la infraestructura de los tribunales.<\/p>\n","protected":false},"excerpt":{"rendered":"<p>La reforma judicial estaba prevista para el 20 de abril en los tribunales federales de&#8230;<\/p>\n","protected":false},"author":2,"featured_media":0,"comment_status":"open","ping_status":"open","sticky":false,"template":"","format":"standard","meta":{"footnotes":""},"categories":[13],"tags":[29],"class_list":["post-44066","post","type-post","status-publish","format-standard","hentry","category-ultima-noticia","tag-judiciales"],"_links":{"self":[{"href":"https:\/\/tendenciaspoliticas.com\/index.php?rest_route=\/wp\/v2\/posts\/44066","targetHints":{"allow":["GET"]}}],"collection":[{"href":"https:\/\/tendenciaspoliticas.com\/index.php?rest_route=\/wp\/v2\/posts"}],"about":[{"href":"https:\/\/tendenciaspoliticas.com\/index.php?rest_route=\/wp\/v2\/types\/post"}],"author":[{"embeddable":true,"href":"https:\/\/tendenciaspoliticas.com\/index.php?rest_route=\/wp\/v2\/users\/2"}],"replies":[{"embeddable":true,"href":"https:\/\/tendenciaspoliticas.com\/index.php?rest_route=%2Fwp%2Fv2%2Fcomments&post=44066"}],"version-history":[{"count":1,"href":"https:\/\/tendenciaspoliticas.com\/index.php?rest_route=\/wp\/v2\/posts\/44066\/revisions"}],"predecessor-version":[{"id":44068,"href":"https:\/\/tendenciaspoliticas.com\/index.php?rest_route=\/wp\/v2\/posts\/44066\/revisions\/44068"}],"wp:attachment":[{"href":"https:\/\/tendenciaspoliticas.com\/index.php?rest_route=%2Fwp%2Fv2%2Fmedia&parent=44066"}],"wp:term":[{"taxonomy":"category","embeddable":true,"href":"https:\/\/tendenciaspoliticas.com\/index.php?rest_route=%2Fwp%2Fv2%2Fcategories&post=44066"},{"taxonomy":"post_tag","embeddable":true,"href":"https:\/\/tendenciaspoliticas.com\/index.php?rest_route=%2Fwp%2Fv2%2Ftags&post=44066"}],"curies":[{"name":"wp","href":"https:\/\/api.w.org\/{rel}","templated":true}]}}