{"id":44063,"date":"2026-03-10T07:42:02","date_gmt":"2026-03-10T10:42:02","guid":{"rendered":"https:\/\/tendenciaspoliticas.com\/?p=44063"},"modified":"2026-03-10T07:42:03","modified_gmt":"2026-03-10T10:42:03","slug":"gobernadores-presentaron-en-nueva-york-oportunidades-de-inversion-en-argentina","status":"publish","type":"post","link":"https:\/\/tendenciaspoliticas.com\/?p=44063","title":{"rendered":"Gobernadores presentaron en Nueva York oportunidades de inversi\u00f3n en Argentina"},"content":{"rendered":"\n<p>Una decena de mandatarios provinciales particip\u00f3 junto al ministro de Econom\u00eda, Luis Caputo, de un encuentro con empresarios en el Council of the Americas. El objetivo fue promover inversiones y mostrar respaldo pol\u00edtico al rumbo econ\u00f3mico del gobierno de Javier Milei.<\/p>\n\n\n\n<figure class=\"wp-block-image size-full\"><img loading=\"lazy\" decoding=\"async\" width=\"565\" height=\"385\" src=\"https:\/\/tendenciaspoliticas.com\/wp-content\/uploads\/2026\/03\/image-132.png\" alt=\"\" class=\"wp-image-44064\" srcset=\"https:\/\/tendenciaspoliticas.com\/wp-content\/uploads\/2026\/03\/image-132.png 565w, https:\/\/tendenciaspoliticas.com\/wp-content\/uploads\/2026\/03\/image-132-300x204.png 300w\" sizes=\"auto, (max-width: 565px) 100vw, 565px\" \/><\/figure>\n\n\n\n<p>Un grupo de gobernadores argentinos particip\u00f3 en Nueva York de un encuentro con empresarios e inversores internacionales para presentar oportunidades de inversi\u00f3n en distintas provincias del pa\u00eds. La reuni\u00f3n fue organizada por el Council of the Americas en el marco de la \u201cArgentina Week\u201d, una serie de actividades destinadas a promover el potencial econ\u00f3mico argentino ante el sector privado global.<\/p>\n\n\n\n<p>El evento reuni\u00f3 a cerca de 150 representantes de compa\u00f1\u00edas y entidades financieras internacionales, entre ellas empresas de miner\u00eda, energ\u00eda, tecnolog\u00eda y bancos de inversi\u00f3n. Seg\u00fan los organizadores, el n\u00famero de asistentes super\u00f3 ampliamente las expectativas iniciales, lo que reflej\u00f3 un creciente inter\u00e9s del sector empresarial por el escenario econ\u00f3mico argentino.<\/p>\n\n\n\n<p>El ministro de Econom\u00eda, Luis Caputo, abri\u00f3 la jornada con una exposici\u00f3n sobre el marco macroecon\u00f3mico y las reformas impulsadas por el gobierno de Javier Milei. Posteriormente, los gobernadores realizaron breves presentaciones en las que destacaron los recursos productivos de sus provincias y las condiciones que, seg\u00fan se\u00f1alaron, favorecen la llegada de capital extranjero.<\/p>\n\n\n\n<p>Entre los mandatarios presentes estuvieron Alfredo Cornejo (Mendoza), Ra\u00fal Jalil (Catamarca), Rolando Figueroa (Neuqu\u00e9n), Mart\u00edn Llaryora (C\u00f3rdoba), Carlos Sadir (Jujuy), Gustavo S\u00e1enz (Salta), Ignacio Torres (Chubut), Gustavo Vald\u00e9s (Corrientes), Claudio Vidal (Santa Cruz) y Alberto Weretilneck (R\u00edo Negro).<\/p>\n\n\n\n<p>Durante el encuentro, los gobernadores coincidieron en la necesidad de ofrecer estabilidad jur\u00eddica, previsibilidad econ\u00f3mica y reducci\u00f3n de impuestos como herramientas para atraer inversiones. Tambi\u00e9n destacaron el potencial de sectores como la energ\u00eda, la miner\u00eda, la agricultura, el turismo y las energ\u00edas renovables.<\/p>\n\n\n\n<p>Caputo sostuvo que los mandatarios transmitieron un mensaje com\u00fan sobre el rumbo econ\u00f3mico del pa\u00eds y remarc\u00f3 que incluso dirigentes de diferentes espacios pol\u00edticos coincidieron en respaldar el proceso de reformas. Seg\u00fan explic\u00f3, ese consenso pol\u00edtico es un factor valorado por los inversores internacionales.<\/p>\n\n\n\n<p>El embajador estadounidense en Argentina, Peter Lamelas, calific\u00f3 la reuni\u00f3n como un \u00e9xito y destac\u00f3 el inter\u00e9s de empresas norteamericanas en el mercado argentino. En ese contexto, anticip\u00f3 que las jornadas de la \u201cArgentina Week\u201d podr\u00edan derivar en nuevos proyectos de inversi\u00f3n en distintos sectores de la econom\u00eda.<\/p>\n","protected":false},"excerpt":{"rendered":"<p>Una decena de mandatarios provinciales particip\u00f3 junto al ministro de Econom\u00eda, Luis Caputo, de un&#8230;<\/p>\n","protected":false},"author":2,"featured_media":0,"comment_status":"open","ping_status":"open","sticky":false,"template":"","format":"standard","meta":{"footnotes":""},"categories":[1],"tags":[14],"class_list":["post-44063","post","type-post","status-publish","format-standard","hentry","category-politica","tag-politica"],"_links":{"self":[{"href":"https:\/\/tendenciaspoliticas.com\/index.php?rest_route=\/wp\/v2\/posts\/44063","targetHints":{"allow":["GET"]}}],"collection":[{"href":"https:\/\/tendenciaspoliticas.com\/index.php?rest_route=\/wp\/v2\/posts"}],"about":[{"href":"https:\/\/tendenciaspoliticas.com\/index.php?rest_route=\/wp\/v2\/types\/post"}],"author":[{"embeddable":true,"href":"https:\/\/tendenciaspoliticas.com\/index.php?rest_route=\/wp\/v2\/users\/2"}],"replies":[{"embeddable":true,"href":"https:\/\/tendenciaspoliticas.com\/index.php?rest_route=%2Fwp%2Fv2%2Fcomments&post=44063"}],"version-history":[{"count":1,"href":"https:\/\/tendenciaspoliticas.com\/index.php?rest_route=\/wp\/v2\/posts\/44063\/revisions"}],"predecessor-version":[{"id":44065,"href":"https:\/\/tendenciaspoliticas.com\/index.php?rest_route=\/wp\/v2\/posts\/44063\/revisions\/44065"}],"wp:attachment":[{"href":"https:\/\/tendenciaspoliticas.com\/index.php?rest_route=%2Fwp%2Fv2%2Fmedia&parent=44063"}],"wp:term":[{"taxonomy":"category","embeddable":true,"href":"https:\/\/tendenciaspoliticas.com\/index.php?rest_route=%2Fwp%2Fv2%2Fcategories&post=44063"},{"taxonomy":"post_tag","embeddable":true,"href":"https:\/\/tendenciaspoliticas.com\/index.php?rest_route=%2Fwp%2Fv2%2Ftags&post=44063"}],"curies":[{"name":"wp","href":"https:\/\/api.w.org\/{rel}","templated":true}]}}