{"id":44054,"date":"2026-03-10T07:39:38","date_gmt":"2026-03-10T10:39:38","guid":{"rendered":"https:\/\/tendenciaspoliticas.com\/?p=44054"},"modified":"2026-03-10T07:39:39","modified_gmt":"2026-03-10T10:39:39","slug":"iran-designo-a-mojtaba-khamenei-como-lider-supremo-y-crece-la-tension-con-estados-unidos","status":"publish","type":"post","link":"https:\/\/tendenciaspoliticas.com\/?p=44054","title":{"rendered":"Ir\u00e1n design\u00f3 a Mojtaba Khamenei como l\u00edder supremo y crece la tensi\u00f3n con Estados Unidos"},"content":{"rendered":"\n<p>El hijo del fallecido Al\u00ed Khamenei fue elegido por la Asamblea de Expertos en medio del conflicto con Washington e Israel. Considerado un dirigente de l\u00ednea dura, su llegada al poder gener\u00f3 una r\u00e1pida reacci\u00f3n internacional y reduce las expectativas de una negociaci\u00f3n inmediata.<\/p>\n\n\n\n<figure class=\"wp-block-image size-full is-resized\"><img loading=\"lazy\" decoding=\"async\" width=\"565\" height=\"331\" src=\"https:\/\/tendenciaspoliticas.com\/wp-content\/uploads\/2026\/03\/image-129.png\" alt=\"\" class=\"wp-image-44055\" style=\"width:790px;height:auto\" srcset=\"https:\/\/tendenciaspoliticas.com\/wp-content\/uploads\/2026\/03\/image-129.png 565w, https:\/\/tendenciaspoliticas.com\/wp-content\/uploads\/2026\/03\/image-129-300x176.png 300w\" sizes=\"auto, (max-width: 565px) 100vw, 565px\" \/><\/figure>\n\n\n\n<p>Ir\u00e1n design\u00f3 a Mojtaba Khamenei como nuevo l\u00edder supremo tras la decisi\u00f3n de la Asamblea de Expertos, el \u00f3rgano encargado de elegir a la m\u00e1xima autoridad pol\u00edtica y religiosa del pa\u00eds. Su nombramiento se produce en plena escalada b\u00e9lica con Estados Unidos e Israel y consolida el control del sector m\u00e1s duro del r\u00e9gimen sobre el sistema pol\u00edtico iran\u00ed.<\/p>\n\n\n\n<p>Miles de personas se congregaron en las calles de Teher\u00e1n para manifestar su apoyo al nuevo l\u00edder, mientras que desde el exterior comenzaron a llegar las primeras reacciones. El presidente estadounidense Donald Trump calific\u00f3 la designaci\u00f3n como \u201cinaceptable\u201d y sostuvo que el nuevo liderazgo iran\u00ed no contribuir\u00e1 a reducir la tensi\u00f3n regional.<\/p>\n\n\n\n<p>Con 56 a\u00f1os, Mojtaba Khamenei accede al puesto m\u00e1s poderoso de la Rep\u00fablica Isl\u00e1mica tras d\u00e9cadas de influencia dentro del aparato pol\u00edtico y de seguridad. Su trayectoria se desarroll\u00f3 en estrecha relaci\u00f3n con la Guardia Revolucionaria, fuerza clave del sistema iran\u00ed, con la que estableci\u00f3 v\u00ednculos durante la guerra entre Ir\u00e1n e Irak a fines de la d\u00e9cada de 1980.<\/p>\n\n\n\n<p>Adem\u00e1s de su formaci\u00f3n militar, el nuevo l\u00edder cuenta con estudios religiosos realizados en centros teol\u00f3gicos de Qom, uno de los principales polos del clero chiita. Esa combinaci\u00f3n de preparaci\u00f3n religiosa y respaldo de las estructuras de seguridad le permiti\u00f3 consolidar una posici\u00f3n central dentro del r\u00e9gimen incluso antes de asumir el liderazgo.<\/p>\n","protected":false},"excerpt":{"rendered":"<p>El hijo del fallecido Al\u00ed Khamenei fue elegido por la Asamblea de Expertos en medio&#8230;<\/p>\n","protected":false},"author":2,"featured_media":0,"comment_status":"open","ping_status":"open","sticky":false,"template":"","format":"standard","meta":{"footnotes":""},"categories":[11,13],"tags":[16],"class_list":["post-44054","post","type-post","status-publish","format-standard","hentry","category-internacionales","category-ultima-noticia","tag-internacionales"],"_links":{"self":[{"href":"https:\/\/tendenciaspoliticas.com\/index.php?rest_route=\/wp\/v2\/posts\/44054","targetHints":{"allow":["GET"]}}],"collection":[{"href":"https:\/\/tendenciaspoliticas.com\/index.php?rest_route=\/wp\/v2\/posts"}],"about":[{"href":"https:\/\/tendenciaspoliticas.com\/index.php?rest_route=\/wp\/v2\/types\/post"}],"author":[{"embeddable":true,"href":"https:\/\/tendenciaspoliticas.com\/index.php?rest_route=\/wp\/v2\/users\/2"}],"replies":[{"embeddable":true,"href":"https:\/\/tendenciaspoliticas.com\/index.php?rest_route=%2Fwp%2Fv2%2Fcomments&post=44054"}],"version-history":[{"count":1,"href":"https:\/\/tendenciaspoliticas.com\/index.php?rest_route=\/wp\/v2\/posts\/44054\/revisions"}],"predecessor-version":[{"id":44056,"href":"https:\/\/tendenciaspoliticas.com\/index.php?rest_route=\/wp\/v2\/posts\/44054\/revisions\/44056"}],"wp:attachment":[{"href":"https:\/\/tendenciaspoliticas.com\/index.php?rest_route=%2Fwp%2Fv2%2Fmedia&parent=44054"}],"wp:term":[{"taxonomy":"category","embeddable":true,"href":"https:\/\/tendenciaspoliticas.com\/index.php?rest_route=%2Fwp%2Fv2%2Fcategories&post=44054"},{"taxonomy":"post_tag","embeddable":true,"href":"https:\/\/tendenciaspoliticas.com\/index.php?rest_route=%2Fwp%2Fv2%2Ftags&post=44054"}],"curies":[{"name":"wp","href":"https:\/\/api.w.org\/{rel}","templated":true}]}}