{"id":44051,"date":"2026-03-10T07:38:50","date_gmt":"2026-03-10T10:38:50","guid":{"rendered":"https:\/\/tendenciaspoliticas.com\/?p=44051"},"modified":"2026-03-10T07:38:51","modified_gmt":"2026-03-10T10:38:51","slug":"francia-refuerza-su-presencia-militar-en-el-mediterraneo-ante-la-guerra-en-medio-oriente","status":"publish","type":"post","link":"https:\/\/tendenciaspoliticas.com\/?p=44051","title":{"rendered":"Francia refuerza su presencia militar en el Mediterr\u00e1neo ante la guerra en Medio Oriente"},"content":{"rendered":"\n<p>El presidente Emmanuel Macron anunci\u00f3 el env\u00edo de nuevas fragatas y el despliegue de un portaaviones para reforzar la seguridad en la regi\u00f3n. La medida busca proteger a Chipre, garantizar la navegaci\u00f3n y mostrar la respuesta europea frente a la escalada del conflicto.<br><\/p>\n\n\n\n<figure class=\"wp-block-image size-full is-resized\"><img loading=\"lazy\" decoding=\"async\" width=\"421\" height=\"232\" src=\"https:\/\/tendenciaspoliticas.com\/wp-content\/uploads\/2026\/03\/image-128.png\" alt=\"\" class=\"wp-image-44052\" style=\"width:790px;height:auto\" srcset=\"https:\/\/tendenciaspoliticas.com\/wp-content\/uploads\/2026\/03\/image-128.png 421w, https:\/\/tendenciaspoliticas.com\/wp-content\/uploads\/2026\/03\/image-128-300x165.png 300w\" sizes=\"auto, (max-width: 421px) 100vw, 421px\" \/><\/figure>\n\n\n\n<p>Francia decidi\u00f3 reforzar su despliegue militar en el Mediterr\u00e1neo oriental en medio de la creciente tensi\u00f3n derivada de la guerra en Medio Oriente. El presidente Emmanuel Macron anunci\u00f3 que enviar\u00e1 ocho fragatas a la regi\u00f3n, adem\u00e1s de otros buques y del portaaviones Charles de Gaulle, con el objetivo de garantizar la seguridad mar\u00edtima y proteger a los pa\u00edses europeos ante posibles ataques.<\/p>\n\n\n\n<p>El anuncio fue realizado durante una visita oficial a Chipre, donde Macron se reuni\u00f3 con el presidente Nikos Christodoulides y con el primer ministro de Grecia, Kyriakos Mitsotakis. All\u00ed subray\u00f3 que la defensa de la isla es un asunto estrat\u00e9gico para Europa y remarc\u00f3 que cualquier agresi\u00f3n contra ese pa\u00eds debe considerarse un ataque contra todo el bloque.<\/p>\n\n\n\n<p>El mandatario franc\u00e9s explic\u00f3 que el despliegue militar ser\u00e1 uno de los m\u00e1s importantes de los \u00faltimos a\u00f1os en la regi\u00f3n. Las fuerzas navales francesas operar\u00e1n en un amplio corredor que abarca desde el Mediterr\u00e1neo oriental hasta el mar Rojo y las cercan\u00edas del estrecho de Ormuz, un punto clave para el transporte mundial de petr\u00f3leo.<\/p>\n\n\n\n<p>Seg\u00fan Macron, el objetivo principal es contribuir a la estabilidad regional y garantizar la libertad de navegaci\u00f3n en una zona vital para el comercio energ\u00e9tico global. El mandatario tambi\u00e9n se\u00f1al\u00f3 que la misi\u00f3n busca proteger a ciudadanos europeos y respaldar a los aliados de la Uni\u00f3n Europea en un contexto de creciente incertidumbre.<\/p>\n\n\n\n<p>La escalada militar comenz\u00f3 a sentirse con fuerza en Europa. El aumento del precio del petr\u00f3leo y del gas ya genera preocupaci\u00f3n por el impacto que podr\u00eda tener en el costo de vida y en la actividad econ\u00f3mica del continente. Los valores energ\u00e9ticos registraron fuertes subas en los \u00faltimos d\u00edas, impulsados por el temor a interrupciones en el suministro internacional.<\/p>\n\n\n\n<p>Desde la Comisi\u00f3n Europea advirtieron que el conflicto puede tener consecuencias prolongadas para la estabilidad regional y la econom\u00eda global. Aunque por ahora no existe riesgo inmediato de escasez energ\u00e9tica, los pa\u00edses del bloque mantienen reservas estrat\u00e9gicas equivalentes a varios meses de consumo para enfrentar posibles emergencias.<\/p>\n","protected":false},"excerpt":{"rendered":"<p>El presidente Emmanuel Macron anunci\u00f3 el env\u00edo de nuevas fragatas y el despliegue de un&#8230;<\/p>\n","protected":false},"author":2,"featured_media":0,"comment_status":"open","ping_status":"open","sticky":false,"template":"","format":"standard","meta":{"footnotes":""},"categories":[11,13],"tags":[16],"class_list":["post-44051","post","type-post","status-publish","format-standard","hentry","category-internacionales","category-ultima-noticia","tag-internacionales"],"_links":{"self":[{"href":"https:\/\/tendenciaspoliticas.com\/index.php?rest_route=\/wp\/v2\/posts\/44051","targetHints":{"allow":["GET"]}}],"collection":[{"href":"https:\/\/tendenciaspoliticas.com\/index.php?rest_route=\/wp\/v2\/posts"}],"about":[{"href":"https:\/\/tendenciaspoliticas.com\/index.php?rest_route=\/wp\/v2\/types\/post"}],"author":[{"embeddable":true,"href":"https:\/\/tendenciaspoliticas.com\/index.php?rest_route=\/wp\/v2\/users\/2"}],"replies":[{"embeddable":true,"href":"https:\/\/tendenciaspoliticas.com\/index.php?rest_route=%2Fwp%2Fv2%2Fcomments&post=44051"}],"version-history":[{"count":1,"href":"https:\/\/tendenciaspoliticas.com\/index.php?rest_route=\/wp\/v2\/posts\/44051\/revisions"}],"predecessor-version":[{"id":44053,"href":"https:\/\/tendenciaspoliticas.com\/index.php?rest_route=\/wp\/v2\/posts\/44051\/revisions\/44053"}],"wp:attachment":[{"href":"https:\/\/tendenciaspoliticas.com\/index.php?rest_route=%2Fwp%2Fv2%2Fmedia&parent=44051"}],"wp:term":[{"taxonomy":"category","embeddable":true,"href":"https:\/\/tendenciaspoliticas.com\/index.php?rest_route=%2Fwp%2Fv2%2Fcategories&post=44051"},{"taxonomy":"post_tag","embeddable":true,"href":"https:\/\/tendenciaspoliticas.com\/index.php?rest_route=%2Fwp%2Fv2%2Ftags&post=44051"}],"curies":[{"name":"wp","href":"https:\/\/api.w.org\/{rel}","templated":true}]}}