{"id":44048,"date":"2026-03-10T07:38:04","date_gmt":"2026-03-10T10:38:04","guid":{"rendered":"https:\/\/tendenciaspoliticas.com\/?p=44048"},"modified":"2026-03-10T07:38:05","modified_gmt":"2026-03-10T10:38:05","slug":"el-fmi-insto-a-reforzar-las-reservas-para-enfrentar-un-escenario-global-mas-incierto","status":"publish","type":"post","link":"https:\/\/tendenciaspoliticas.com\/?p=44048","title":{"rendered":"El FMI inst\u00f3 a reforzar las reservas para enfrentar un escenario global m\u00e1s incierto"},"content":{"rendered":"\n<p>El economista jefe del organismo advirti\u00f3 que los pa\u00edses, especialmente las econom\u00edas emergentes, necesitan fortalecer sus reservas internacionales para amortiguar shocks externos y reducir los riesgos de volatilidad financiera.<\/p>\n\n\n\n<figure class=\"wp-block-image size-full is-resized\"><img loading=\"lazy\" decoding=\"async\" width=\"265\" height=\"189\" src=\"https:\/\/tendenciaspoliticas.com\/wp-content\/uploads\/2026\/03\/image-127.png\" alt=\"\" class=\"wp-image-44049\" style=\"width:790px;height:auto\"\/><\/figure>\n\n\n\n<p>El Fondo Monetario Internacional recomend\u00f3 a los pa\u00edses acelerar la acumulaci\u00f3n de reservas internacionales para mejorar su capacidad de respuesta frente a eventuales crisis externas. La advertencia fue formulada por el economista jefe del organismo, Pierre-Olivier Gourinchas, quien sostuvo que el contexto global se volvi\u00f3 m\u00e1s incierto y que las econom\u00edas deben reforzar sus mecanismos de protecci\u00f3n ante posibles turbulencias.<\/p>\n\n\n\n<p>En un an\u00e1lisis difundido por el organismo, Gourinchas se\u00f1al\u00f3 que el sistema econ\u00f3mico internacional atraviesa una etapa de mayor fragmentaci\u00f3n y tensiones geopol\u00edticas, lo que incrementa la exposici\u00f3n de muchos pa\u00edses a shocks financieros o comerciales. En ese escenario, destac\u00f3 que las reservas de divisas funcionan como un \u201camortiguador\u201d clave para sostener la estabilidad macroecon\u00f3mica.<\/p>\n\n\n\n<p>El economista explic\u00f3 que los pa\u00edses con niveles bajos de reservas suelen ser percibidos como m\u00e1s vulnerables por los mercados, lo que puede traducirse en mayores costos de financiamiento o en episodios de volatilidad cambiaria. Por esa raz\u00f3n, recomend\u00f3 a las econom\u00edas emergentes y en desarrollo fortalecer su posici\u00f3n externa mediante la acumulaci\u00f3n de divisas.<\/p>\n\n\n\n<p>Para ilustrar su planteo, compar\u00f3 la necesidad de reservas con la l\u00f3gica de ahorro de los hogares. Seg\u00fan explic\u00f3, al igual que una familia necesita liquidez disponible para afrontar imprevistos, los Estados requieren activos f\u00e1cilmente utilizables que puedan emplearse en momentos de crisis o de fuerte presi\u00f3n sobre el tipo de cambio.<\/p>\n\n\n\n<p>Gourinchas tambi\u00e9n subray\u00f3 que la utilidad de las reservas no depende \u00fanicamente del r\u00e9gimen cambiario. Si bien los pa\u00edses con tipo de cambio fijo suelen necesitar mayores niveles para respaldar su moneda, las reservas tambi\u00e9n cumplen un rol relevante en econom\u00edas con esquemas m\u00e1s flexibles, ya que permiten moderar movimientos bruscos en el mercado cambiario.<\/p>\n\n\n\n<p>Aunque el informe no mencion\u00f3 casos espec\u00edficos, el debate sobre la acumulaci\u00f3n de reservas es central en varios pa\u00edses emergentes, entre ellos la Argentina, donde las negociaciones t\u00e9cnicas con el FMI contin\u00faan en el marco de las revisiones del programa vigente. Seg\u00fan fuentes oficiales, el Gobierno busca discutir con el organismo la posibilidad de fijar metas anuales de reservas en lugar de objetivos trimestrales.<\/p>\n","protected":false},"excerpt":{"rendered":"<p>El economista jefe del organismo advirti\u00f3 que los pa\u00edses, especialmente las econom\u00edas emergentes, necesitan fortalecer&#8230;<\/p>\n","protected":false},"author":2,"featured_media":0,"comment_status":"open","ping_status":"open","sticky":false,"template":"","format":"standard","meta":{"footnotes":""},"categories":[10],"tags":[15],"class_list":["post-44048","post","type-post","status-publish","format-standard","hentry","category-economia","tag-economia"],"_links":{"self":[{"href":"https:\/\/tendenciaspoliticas.com\/index.php?rest_route=\/wp\/v2\/posts\/44048","targetHints":{"allow":["GET"]}}],"collection":[{"href":"https:\/\/tendenciaspoliticas.com\/index.php?rest_route=\/wp\/v2\/posts"}],"about":[{"href":"https:\/\/tendenciaspoliticas.com\/index.php?rest_route=\/wp\/v2\/types\/post"}],"author":[{"embeddable":true,"href":"https:\/\/tendenciaspoliticas.com\/index.php?rest_route=\/wp\/v2\/users\/2"}],"replies":[{"embeddable":true,"href":"https:\/\/tendenciaspoliticas.com\/index.php?rest_route=%2Fwp%2Fv2%2Fcomments&post=44048"}],"version-history":[{"count":1,"href":"https:\/\/tendenciaspoliticas.com\/index.php?rest_route=\/wp\/v2\/posts\/44048\/revisions"}],"predecessor-version":[{"id":44050,"href":"https:\/\/tendenciaspoliticas.com\/index.php?rest_route=\/wp\/v2\/posts\/44048\/revisions\/44050"}],"wp:attachment":[{"href":"https:\/\/tendenciaspoliticas.com\/index.php?rest_route=%2Fwp%2Fv2%2Fmedia&parent=44048"}],"wp:term":[{"taxonomy":"category","embeddable":true,"href":"https:\/\/tendenciaspoliticas.com\/index.php?rest_route=%2Fwp%2Fv2%2Fcategories&post=44048"},{"taxonomy":"post_tag","embeddable":true,"href":"https:\/\/tendenciaspoliticas.com\/index.php?rest_route=%2Fwp%2Fv2%2Ftags&post=44048"}],"curies":[{"name":"wp","href":"https:\/\/api.w.org\/{rel}","templated":true}]}}