{"id":44045,"date":"2026-03-10T07:37:19","date_gmt":"2026-03-10T10:37:19","guid":{"rendered":"https:\/\/tendenciaspoliticas.com\/?p=44045"},"modified":"2026-03-10T07:37:20","modified_gmt":"2026-03-10T10:37:20","slug":"caputo-minimizo-el-impacto-de-la-guerra-en-la-economia-y-defendio-el-orden-fiscal","status":"publish","type":"post","link":"https:\/\/tendenciaspoliticas.com\/?p=44045","title":{"rendered":"Caputo minimiz\u00f3 el impacto de la guerra en la econom\u00eda y defendi\u00f3 el orden fiscal"},"content":{"rendered":"\n<p>El ministro de Econom\u00eda particip\u00f3 en Nueva York de un encuentro con gobernadores e inversores en el Consejo de las Am\u00e9ricas. All\u00ed sostuvo que la Argentina est\u00e1 mejor preparada para enfrentar un shock internacional y confi\u00f3 en que el conflicto en Medio Oriente tendr\u00e1 una duraci\u00f3n limitada.<\/p>\n\n\n\n<figure class=\"wp-block-image size-full\"><img loading=\"lazy\" decoding=\"async\" width=\"421\" height=\"255\" src=\"https:\/\/tendenciaspoliticas.com\/wp-content\/uploads\/2026\/03\/image-126.png\" alt=\"\" class=\"wp-image-44046\" srcset=\"https:\/\/tendenciaspoliticas.com\/wp-content\/uploads\/2026\/03\/image-126.png 421w, https:\/\/tendenciaspoliticas.com\/wp-content\/uploads\/2026\/03\/image-126-300x182.png 300w\" sizes=\"auto, (max-width: 421px) 100vw, 421px\" \/><\/figure>\n\n\n\n<p>El ministro de Econom\u00eda, Luis Caputo, asegur\u00f3 que la Argentina est\u00e1 en condiciones de resistir los efectos econ\u00f3micos de la guerra en Medio Oriente y sostuvo que el principal resguardo frente a un shock externo es mantener la macroeconom\u00eda ordenada. \u201cEl mejor escudo que podemos tener contra un shock externo es tener los n\u00fameros en orden\u201d, afirm\u00f3 antes de ingresar a una reuni\u00f3n con gobernadores e inversores en Nueva York.<\/p>\n\n\n\n<p>El encuentro se realiz\u00f3 en la sede del Consejo de las Am\u00e9ricas, en Park Avenue, como parte de la agenda de la llamada \u201cArgentina Week\u201d, una serie de actividades destinadas a promover inversiones en el pa\u00eds. Caputo lleg\u00f3 acompa\u00f1ado por el viceministro Jos\u00e9 Luis Daza y el secretario de Energ\u00eda Daniel Gonz\u00e1lez, mientras que una decena de gobernadores participaron para presentar oportunidades productivas y energ\u00e9ticas de sus provincias.<\/p>\n\n\n\n<p>Antes de ingresar al evento, el ministro fue consultado sobre el impacto que podr\u00eda tener la escalada militar entre Estados Unidos, Israel e Ir\u00e1n en los mercados internacionales y en particular en el precio del petr\u00f3leo. Seg\u00fan su evaluaci\u00f3n, el efecto depender\u00e1 de la duraci\u00f3n del conflicto, aunque en el Gobierno consideran que se tratar\u00e1 de un episodio relativamente breve.<\/p>\n\n\n\n<p>Caputo sostuvo que el contexto actual es diferente al de a\u00f1os anteriores porque, a su juicio, la econom\u00eda argentina tiene una base macroecon\u00f3mica m\u00e1s s\u00f3lida. En ese sentido, afirm\u00f3 que si una crisis internacional similar hubiera ocurrido algunos a\u00f1os atr\u00e1s, el impacto habr\u00eda sido mucho m\u00e1s severo para el pa\u00eds.<\/p>\n\n\n\n<p>El funcionario tambi\u00e9n destac\u00f3 que la percepci\u00f3n internacional sobre la Argentina mejor\u00f3 en los \u00faltimos a\u00f1os y se\u00f1al\u00f3 que las reformas econ\u00f3micas y el resultado de las elecciones legislativas reforzaron la confianza de los inversores. Seg\u00fan explic\u00f3, la simplificaci\u00f3n del escenario pol\u00edtico y la aprobaci\u00f3n de nuevas leyes generaron un clima m\u00e1s favorable para atraer capitales.<\/p>\n\n\n\n<p>Tras el encuentro, Caputo calific\u00f3 la reuni\u00f3n como \u201cextraordinaria\u201d y asegur\u00f3 que el cambio de imagen del pa\u00eds en el exterior es notorio. Seg\u00fan sostuvo, el clima de inversi\u00f3n es positivo y existe inter\u00e9s por parte de empresarios y fondos internacionales en proyectos vinculados a energ\u00eda, miner\u00eda y desarrollo productivo en distintas provincias.<\/p>\n","protected":false},"excerpt":{"rendered":"<p>El ministro de Econom\u00eda particip\u00f3 en Nueva York de un encuentro con gobernadores e inversores&#8230;<\/p>\n","protected":false},"author":2,"featured_media":0,"comment_status":"open","ping_status":"open","sticky":false,"template":"","format":"standard","meta":{"footnotes":""},"categories":[10,13],"tags":[15],"class_list":["post-44045","post","type-post","status-publish","format-standard","hentry","category-economia","category-ultima-noticia","tag-economia"],"_links":{"self":[{"href":"https:\/\/tendenciaspoliticas.com\/index.php?rest_route=\/wp\/v2\/posts\/44045","targetHints":{"allow":["GET"]}}],"collection":[{"href":"https:\/\/tendenciaspoliticas.com\/index.php?rest_route=\/wp\/v2\/posts"}],"about":[{"href":"https:\/\/tendenciaspoliticas.com\/index.php?rest_route=\/wp\/v2\/types\/post"}],"author":[{"embeddable":true,"href":"https:\/\/tendenciaspoliticas.com\/index.php?rest_route=\/wp\/v2\/users\/2"}],"replies":[{"embeddable":true,"href":"https:\/\/tendenciaspoliticas.com\/index.php?rest_route=%2Fwp%2Fv2%2Fcomments&post=44045"}],"version-history":[{"count":1,"href":"https:\/\/tendenciaspoliticas.com\/index.php?rest_route=\/wp\/v2\/posts\/44045\/revisions"}],"predecessor-version":[{"id":44047,"href":"https:\/\/tendenciaspoliticas.com\/index.php?rest_route=\/wp\/v2\/posts\/44045\/revisions\/44047"}],"wp:attachment":[{"href":"https:\/\/tendenciaspoliticas.com\/index.php?rest_route=%2Fwp%2Fv2%2Fmedia&parent=44045"}],"wp:term":[{"taxonomy":"category","embeddable":true,"href":"https:\/\/tendenciaspoliticas.com\/index.php?rest_route=%2Fwp%2Fv2%2Fcategories&post=44045"},{"taxonomy":"post_tag","embeddable":true,"href":"https:\/\/tendenciaspoliticas.com\/index.php?rest_route=%2Fwp%2Fv2%2Ftags&post=44045"}],"curies":[{"name":"wp","href":"https:\/\/api.w.org\/{rel}","templated":true}]}}