{"id":44039,"date":"2026-03-10T07:35:30","date_gmt":"2026-03-10T10:35:30","guid":{"rendered":"https:\/\/tendenciaspoliticas.com\/?p=44039"},"modified":"2026-03-10T07:35:30","modified_gmt":"2026-03-10T10:35:30","slug":"la-inflacion-portena-se-desacelero-en-febrero-y-se-ubico-en-26","status":"publish","type":"post","link":"https:\/\/tendenciaspoliticas.com\/?p=44039","title":{"rendered":"La inflaci\u00f3n porte\u00f1a se desaceler\u00f3 en febrero y se ubic\u00f3 en 2,6%"},"content":{"rendered":"\n<p>El \u00edndice de precios de la Ciudad de Buenos Aires mostr\u00f3 una moderaci\u00f3n respecto de enero, impulsada principalmente por la baja de los servicios vinculados al turismo. Sin embargo, algunos rubros sensibles, como carnes y tarifas energ\u00e9ticas, registraron aumentos significativos.<\/p>\n\n\n\n<figure class=\"wp-block-image size-full\"><img loading=\"lazy\" decoding=\"async\" width=\"421\" height=\"305\" src=\"https:\/\/tendenciaspoliticas.com\/wp-content\/uploads\/2026\/03\/image-124.png\" alt=\"\" class=\"wp-image-44040\" srcset=\"https:\/\/tendenciaspoliticas.com\/wp-content\/uploads\/2026\/03\/image-124.png 421w, https:\/\/tendenciaspoliticas.com\/wp-content\/uploads\/2026\/03\/image-124-300x217.png 300w\" sizes=\"auto, (max-width: 421px) 100vw, 421px\" \/><\/figure>\n\n\n\n<p>La inflaci\u00f3n en la Ciudad de Buenos Aires registr\u00f3 en febrero una suba de 2,6%, seg\u00fan inform\u00f3 el Instituto de Estad\u00edstica y Censos porte\u00f1o. El dato representa una desaceleraci\u00f3n frente al 3,1% registrado en enero y se explica, en gran medida, por la ca\u00edda de los precios asociados al turismo durante el segundo mes del a\u00f1o.<\/p>\n\n\n\n<p>Con este resultado, el \u00edndice de precios acumul\u00f3 un aumento de 5,7% en el primer bimestre de 2026, mientras que la variaci\u00f3n interanual alcanz\u00f3 el 32,4%. El dato de febrero tambi\u00e9n qued\u00f3 por encima del registrado en el mismo mes del a\u00f1o pasado, cuando la inflaci\u00f3n en la ciudad hab\u00eda sido de 2,1%.<\/p>\n\n\n\n<p>A pesar de la moderaci\u00f3n general del indicador, algunos rubros clave mostraron fuertes incrementos. Las carnes y derivados encabezaron las subas dentro de alimentos con un aumento del 7,3% en el mes, acumulando un alza del 11,2% en lo que va del a\u00f1o y m\u00e1s del 50% en t\u00e9rminos interanuales. Tambi\u00e9n se destacaron las tarifas de electricidad, gas y otros combustibles, que treparon 16,1% tras nuevas actualizaciones en los servicios regulados.<\/p>\n\n\n\n<p>En contraste, los precios vinculados al turismo registraron ca\u00eddas pronunciadas. Los pasajes a\u00e9reos retrocedieron 32,5%, mientras que los paquetes tur\u00edsticos bajaron 8,8% y las tarifas de alojamiento en hoteles tambi\u00e9n mostraron descensos. Este comportamiento contribuy\u00f3 a moderar el \u00edndice general.<\/p>\n\n\n\n<p>Por tipo de producto, los bienes registraron un aumento promedio de 1,9%, mientras que los servicios subieron 3%. Dentro de estos \u00faltimos influyeron especialmente los gastos de vivienda, las tarifas de servicios p\u00fablicos, los alquileres y los precios en restaurantes y bares.<\/p>\n\n\n\n<p>El informe tambi\u00e9n se\u00f1al\u00f3 aumentos en salud, impulsados por los ajustes en las cuotas de medicina prepaga, y en servicios financieros, que subieron 5,5%.<\/p>\n\n\n\n<p>El dato nacional de inflaci\u00f3n correspondiente a febrero ser\u00e1 difundido el pr\u00f3ximo jueves por el Indec y servir\u00e1 para medir si la tendencia de desaceleraci\u00f3n observada en la Ciudad tambi\u00e9n se replica a nivel pa\u00eds.<\/p>\n","protected":false},"excerpt":{"rendered":"<p>El \u00edndice de precios de la Ciudad de Buenos Aires mostr\u00f3 una moderaci\u00f3n respecto de&#8230;<\/p>\n","protected":false},"author":2,"featured_media":0,"comment_status":"open","ping_status":"open","sticky":false,"template":"","format":"standard","meta":{"footnotes":""},"categories":[10,13],"tags":[15],"class_list":["post-44039","post","type-post","status-publish","format-standard","hentry","category-economia","category-ultima-noticia","tag-economia"],"_links":{"self":[{"href":"https:\/\/tendenciaspoliticas.com\/index.php?rest_route=\/wp\/v2\/posts\/44039","targetHints":{"allow":["GET"]}}],"collection":[{"href":"https:\/\/tendenciaspoliticas.com\/index.php?rest_route=\/wp\/v2\/posts"}],"about":[{"href":"https:\/\/tendenciaspoliticas.com\/index.php?rest_route=\/wp\/v2\/types\/post"}],"author":[{"embeddable":true,"href":"https:\/\/tendenciaspoliticas.com\/index.php?rest_route=\/wp\/v2\/users\/2"}],"replies":[{"embeddable":true,"href":"https:\/\/tendenciaspoliticas.com\/index.php?rest_route=%2Fwp%2Fv2%2Fcomments&post=44039"}],"version-history":[{"count":1,"href":"https:\/\/tendenciaspoliticas.com\/index.php?rest_route=\/wp\/v2\/posts\/44039\/revisions"}],"predecessor-version":[{"id":44041,"href":"https:\/\/tendenciaspoliticas.com\/index.php?rest_route=\/wp\/v2\/posts\/44039\/revisions\/44041"}],"wp:attachment":[{"href":"https:\/\/tendenciaspoliticas.com\/index.php?rest_route=%2Fwp%2Fv2%2Fmedia&parent=44039"}],"wp:term":[{"taxonomy":"category","embeddable":true,"href":"https:\/\/tendenciaspoliticas.com\/index.php?rest_route=%2Fwp%2Fv2%2Fcategories&post=44039"},{"taxonomy":"post_tag","embeddable":true,"href":"https:\/\/tendenciaspoliticas.com\/index.php?rest_route=%2Fwp%2Fv2%2Ftags&post=44039"}],"curies":[{"name":"wp","href":"https:\/\/api.w.org\/{rel}","templated":true}]}}