{"id":44036,"date":"2026-03-10T07:34:43","date_gmt":"2026-03-10T10:34:43","guid":{"rendered":"https:\/\/tendenciaspoliticas.com\/?p=44036"},"modified":"2026-03-10T07:34:43","modified_gmt":"2026-03-10T10:34:43","slug":"mahiques-ratifico-los-veedores-en-la-afa-y-busca-despejar-sospechas-sobre-el-control-del-organismo","status":"publish","type":"post","link":"https:\/\/tendenciaspoliticas.com\/?p=44036","title":{"rendered":"Mahiques ratific\u00f3 los veedores en la AFA y busca despejar sospechas sobre el control del organismo"},"content":{"rendered":"\n<p>El nuevo ministro de Justicia confirm\u00f3 que mantendr\u00e1 a los supervisores designados para monitorear la Asociaci\u00f3n del F\u00fatbol Argentino, una decisi\u00f3n que, seg\u00fan explic\u00f3, apunta a evitar cuestionamientos sobre la transparencia del proceso. Tambi\u00e9n neg\u00f3 tener v\u00ednculos personales con el titular de la entidad, Claudio \u201cChiqui\u201d Tapia.<\/p>\n\n\n\n<figure class=\"wp-block-image size-full\"><img loading=\"lazy\" decoding=\"async\" width=\"565\" height=\"360\" src=\"https:\/\/tendenciaspoliticas.com\/wp-content\/uploads\/2026\/03\/image-123.png\" alt=\"\" class=\"wp-image-44037\" srcset=\"https:\/\/tendenciaspoliticas.com\/wp-content\/uploads\/2026\/03\/image-123.png 565w, https:\/\/tendenciaspoliticas.com\/wp-content\/uploads\/2026\/03\/image-123-300x191.png 300w\" sizes=\"auto, (max-width: 565px) 100vw, 565px\" \/><\/figure>\n\n\n\n<p>El ministro de Justicia, Juan Bautista Mahiques, decidi\u00f3 sostener a los veedores designados para supervisar la Asociaci\u00f3n del F\u00fatbol Argentino (AFA), una medida que hab\u00eda sido impulsada por el anterior titular de la Inspecci\u00f3n General de Justicia (IGJ), Daniel V\u00edtolo. El funcionario explic\u00f3 que tom\u00f3 esa determinaci\u00f3n para evitar suspicacias respecto de un posible trato favorable hacia la conducci\u00f3n del f\u00fatbol argentino.<\/p>\n\n\n\n<p>En declaraciones televisivas, Mahiques sostuvo que, aunque al asumir ten\u00eda la facultad de renovar completamente el equipo pol\u00edtico del ministerio, opt\u00f3 por mantener a los supervisores propuestos previamente para garantizar continuidad institucional y despejar dudas sobre la intervenci\u00f3n estatal en el organismo.<\/p>\n\n\n\n<p>La decisi\u00f3n llega en medio de la investigaci\u00f3n administrativa que involucra a la AFA, a su presidente Claudio \u201cChiqui\u201d Tapia y al tesorero Pablo Toviggino. V\u00edtolo, quien impulsaba el proceso desde la IGJ, hab\u00eda presentado su renuncia d\u00edas atr\u00e1s luego de que se le solicitara dejar el cargo.<\/p>\n\n\n\n<p>Consultado sobre su relaci\u00f3n con Tapia, el ministro asegur\u00f3 que lo conoce pero neg\u00f3 cualquier v\u00ednculo de amistad. Explic\u00f3 que su contacto con dirigentes del f\u00fatbol se origin\u00f3 durante su etapa como fiscal general de la Ciudad de Buenos Aires, cuando cre\u00f3 una fiscal\u00eda especializada en eventos masivos para investigar episodios de violencia en espect\u00e1culos deportivos.<\/p>\n\n\n\n<p>Tambi\u00e9n record\u00f3 que en 2016 integr\u00f3 el Tribunal de Resoluci\u00f3n de Disputas de la FIFA, lo que lo llev\u00f3 a interactuar con distintos directivos del f\u00fatbol internacional. Sin embargo, remarc\u00f3 que esas relaciones fueron estrictamente institucionales y descart\u00f3 haber recibido invitaciones especiales o beneficios vinculados al deporte.<\/p>\n\n\n\n<p>En paralelo, Mahiques confirm\u00f3 que ofreci\u00f3 la conducci\u00f3n de la Unidad de Informaci\u00f3n Financiera (UIF) al fiscal federal Mat\u00edas \u00c1lvarez, en el marco de la reorganizaci\u00f3n de organismos clave dentro del \u00e1rea de Justicia. Seg\u00fan indic\u00f3, la intenci\u00f3n es reforzar el funcionamiento de las instituciones encargadas de investigar delitos econ\u00f3micos y garantizar mayor transparencia en la gesti\u00f3n p\u00fablica.<\/p>\n","protected":false},"excerpt":{"rendered":"<p>El nuevo ministro de Justicia confirm\u00f3 que mantendr\u00e1 a los supervisores designados para monitorear la&#8230;<\/p>\n","protected":false},"author":2,"featured_media":0,"comment_status":"open","ping_status":"open","sticky":false,"template":"","format":"standard","meta":{"footnotes":""},"categories":[13],"tags":[28],"class_list":["post-44036","post","type-post","status-publish","format-standard","hentry","category-ultima-noticia","tag-justicia"],"_links":{"self":[{"href":"https:\/\/tendenciaspoliticas.com\/index.php?rest_route=\/wp\/v2\/posts\/44036","targetHints":{"allow":["GET"]}}],"collection":[{"href":"https:\/\/tendenciaspoliticas.com\/index.php?rest_route=\/wp\/v2\/posts"}],"about":[{"href":"https:\/\/tendenciaspoliticas.com\/index.php?rest_route=\/wp\/v2\/types\/post"}],"author":[{"embeddable":true,"href":"https:\/\/tendenciaspoliticas.com\/index.php?rest_route=\/wp\/v2\/users\/2"}],"replies":[{"embeddable":true,"href":"https:\/\/tendenciaspoliticas.com\/index.php?rest_route=%2Fwp%2Fv2%2Fcomments&post=44036"}],"version-history":[{"count":1,"href":"https:\/\/tendenciaspoliticas.com\/index.php?rest_route=\/wp\/v2\/posts\/44036\/revisions"}],"predecessor-version":[{"id":44038,"href":"https:\/\/tendenciaspoliticas.com\/index.php?rest_route=\/wp\/v2\/posts\/44036\/revisions\/44038"}],"wp:attachment":[{"href":"https:\/\/tendenciaspoliticas.com\/index.php?rest_route=%2Fwp%2Fv2%2Fmedia&parent=44036"}],"wp:term":[{"taxonomy":"category","embeddable":true,"href":"https:\/\/tendenciaspoliticas.com\/index.php?rest_route=%2Fwp%2Fv2%2Fcategories&post=44036"},{"taxonomy":"post_tag","embeddable":true,"href":"https:\/\/tendenciaspoliticas.com\/index.php?rest_route=%2Fwp%2Fv2%2Ftags&post=44036"}],"curies":[{"name":"wp","href":"https:\/\/api.w.org\/{rel}","templated":true}]}}