{"id":44033,"date":"2026-03-10T07:34:03","date_gmt":"2026-03-10T10:34:03","guid":{"rendered":"https:\/\/tendenciaspoliticas.com\/?p=44033"},"modified":"2026-03-10T07:34:03","modified_gmt":"2026-03-10T10:34:03","slug":"milei-respaldo-a-ee-uu-e-israel-en-plena-guerra-y-afirmo-que-vamos-a-ganar","status":"publish","type":"post","link":"https:\/\/tendenciaspoliticas.com\/?p=44033","title":{"rendered":"Milei respald\u00f3 a EE.UU. e Israel en plena guerra y afirm\u00f3 que \u201cvamos a ganar\u201d"},"content":{"rendered":"\n<p>Durante una exposici\u00f3n en la Universidad Yeshiva de Nueva York, el presidente argentino defendi\u00f3 la ofensiva contra Ir\u00e1n, reafirm\u00f3 su alineamiento con Washington y Jerusal\u00e9n y sostuvo que Argentina est\u00e1 \u201cdel lado correcto de la historia\u201d. Tambi\u00e9n busc\u00f3 fortalecer v\u00ednculos con la comunidad jud\u00eda y promocionar inversiones en el pa\u00eds.<\/p>\n\n\n\n<figure class=\"wp-block-image size-full\"><img loading=\"lazy\" decoding=\"async\" width=\"630\" height=\"381\" src=\"https:\/\/tendenciaspoliticas.com\/wp-content\/uploads\/2026\/03\/image-122.png\" alt=\"\" class=\"wp-image-44034\" srcset=\"https:\/\/tendenciaspoliticas.com\/wp-content\/uploads\/2026\/03\/image-122.png 630w, https:\/\/tendenciaspoliticas.com\/wp-content\/uploads\/2026\/03\/image-122-300x181.png 300w\" sizes=\"auto, (max-width: 630px) 100vw, 630px\" \/><\/figure>\n\n\n\n<p>El presidente Javier Milei volvi\u00f3 a manifestar su respaldo a Estados Unidos e Israel en el conflicto abierto con Ir\u00e1n y asegur\u00f3 que el desenlace ser\u00e1 favorable para ese bloque. \u201cVamos a ganar\u201d, afirm\u00f3 durante una extensa exposici\u00f3n que brind\u00f3 en la Universidad Yeshiva, en Nueva York, ante un auditorio compuesto en su mayor\u00eda por estudiantes de origen jud\u00edo.<\/p>\n\n\n\n<p>El mandatario habl\u00f3 durante m\u00e1s de una hora en el auditorio principal de esa casa de estudios y recibi\u00f3 reiteradas ovaciones del p\u00fablico. En ese contexto, se defini\u00f3 como \u201cel presidente m\u00e1s sionista del mundo\u201d y reiter\u00f3 su alineamiento geopol\u00edtico con Washington y Jerusal\u00e9n. Consultado sobre la guerra en Medio Oriente, sostuvo que Ir\u00e1n es un enemigo hist\u00f3rico de la Argentina y record\u00f3 los atentados contra la AMIA y la Embajada de Israel en Buenos Aires.<\/p>\n\n\n\n<p>Durante su intervenci\u00f3n, Milei combin\u00f3 definiciones pol\u00edticas con su habitual discurso ideol\u00f3gico contra el estatismo. Critic\u00f3 el utilitarismo en la pol\u00edtica, cuestion\u00f3 a los economistas que defienden modelos intervencionistas y volvi\u00f3 a cargar contra el rol del Estado. \u201cSoy el topo que vino a destruirlo desde adentro\u201d, reiter\u00f3, en l\u00ednea con su narrativa habitual.<\/p>\n\n\n\n<p>El mandatario tambi\u00e9n aprovech\u00f3 la exposici\u00f3n para reafirmar su visi\u00f3n sobre el rumbo de Occidente y lanz\u00f3 una consigna inspirada en el lema pol\u00edtico estadounidense: \u201cTenemos que hacer a Occidente grande de nuevo\u201d.<\/p>\n\n\n\n<p>En primera fila siguieron su discurso la secretaria general de la Presidencia, Karina Milei, junto con funcionarios de su gabinete. La actividad form\u00f3 parte de una agenda que busca fortalecer v\u00ednculos pol\u00edticos y econ\u00f3micos en Estados Unidos.<\/p>\n\n\n\n<p>Tras la conferencia, el jefe de Estado ten\u00eda previsto asistir a una gala organizada por el diario The Algemeiner, donde ser\u00eda distinguido por su apoyo a Israel. Adem\u00e1s, su visita a Nueva York incluye la llamada \u201cArgentina Week\u201d, una serie de encuentros con empresarios y gobernadores destinados a promocionar oportunidades de inversi\u00f3n en el pa\u00eds en medio de un escenario internacional atravesado por tensiones geopol\u00edticas.<\/p>\n","protected":false},"excerpt":{"rendered":"<p>Durante una exposici\u00f3n en la Universidad Yeshiva de Nueva York, el presidente argentino defendi\u00f3 la&#8230;<\/p>\n","protected":false},"author":2,"featured_media":0,"comment_status":"open","ping_status":"open","sticky":false,"template":"","format":"standard","meta":{"footnotes":""},"categories":[1],"tags":[14],"class_list":["post-44033","post","type-post","status-publish","format-standard","hentry","category-politica","tag-politica"],"_links":{"self":[{"href":"https:\/\/tendenciaspoliticas.com\/index.php?rest_route=\/wp\/v2\/posts\/44033","targetHints":{"allow":["GET"]}}],"collection":[{"href":"https:\/\/tendenciaspoliticas.com\/index.php?rest_route=\/wp\/v2\/posts"}],"about":[{"href":"https:\/\/tendenciaspoliticas.com\/index.php?rest_route=\/wp\/v2\/types\/post"}],"author":[{"embeddable":true,"href":"https:\/\/tendenciaspoliticas.com\/index.php?rest_route=\/wp\/v2\/users\/2"}],"replies":[{"embeddable":true,"href":"https:\/\/tendenciaspoliticas.com\/index.php?rest_route=%2Fwp%2Fv2%2Fcomments&post=44033"}],"version-history":[{"count":1,"href":"https:\/\/tendenciaspoliticas.com\/index.php?rest_route=\/wp\/v2\/posts\/44033\/revisions"}],"predecessor-version":[{"id":44035,"href":"https:\/\/tendenciaspoliticas.com\/index.php?rest_route=\/wp\/v2\/posts\/44033\/revisions\/44035"}],"wp:attachment":[{"href":"https:\/\/tendenciaspoliticas.com\/index.php?rest_route=%2Fwp%2Fv2%2Fmedia&parent=44033"}],"wp:term":[{"taxonomy":"category","embeddable":true,"href":"https:\/\/tendenciaspoliticas.com\/index.php?rest_route=%2Fwp%2Fv2%2Fcategories&post=44033"},{"taxonomy":"post_tag","embeddable":true,"href":"https:\/\/tendenciaspoliticas.com\/index.php?rest_route=%2Fwp%2Fv2%2Ftags&post=44033"}],"curies":[{"name":"wp","href":"https:\/\/api.w.org\/{rel}","templated":true}]}}