{"id":44021,"date":"2026-03-09T16:12:00","date_gmt":"2026-03-09T19:12:00","guid":{"rendered":"https:\/\/tendenciaspoliticas.com\/?p=44021"},"modified":"2026-03-09T07:12:52","modified_gmt":"2026-03-09T10:12:52","slug":"xavi-hernandez-apunto-contra-laporta-y-revelo-que-fue-el-que-impidio-el-regreso-de-messi-a-barcelona","status":"publish","type":"post","link":"https:\/\/tendenciaspoliticas.com\/?p=44021","title":{"rendered":"Xavi Hern\u00e1ndez apunt\u00f3 contra Laporta y revel\u00f3 que fue el que impidi\u00f3 el regreso de Messi a Barcelona"},"content":{"rendered":"\n<p>En una entrevista, el exDT y excompa\u00f1ero del argentino lanz\u00f3 fuertes cr\u00edticas contra el presidente del club catal\u00e1n.<\/p>\n\n\n\n<figure class=\"wp-block-image size-full\"><img loading=\"lazy\" decoding=\"async\" width=\"880\" height=\"586\" src=\"https:\/\/tendenciaspoliticas.com\/wp-content\/uploads\/2026\/03\/image-118.png\" alt=\"\" class=\"wp-image-44022\" srcset=\"https:\/\/tendenciaspoliticas.com\/wp-content\/uploads\/2026\/03\/image-118.png 880w, https:\/\/tendenciaspoliticas.com\/wp-content\/uploads\/2026\/03\/image-118-300x200.png 300w, https:\/\/tendenciaspoliticas.com\/wp-content\/uploads\/2026\/03\/image-118-768x511.png 768w\" sizes=\"auto, (max-width: 880px) 100vw, 880px\" \/><\/figure>\n\n\n\n<p>A una semana de las elecciones a la presidencia de Barcelona, Xavi Hern\u00e1ndez reapareci\u00f3 p\u00fablicamente con fuertes declaraciones sobre la conducci\u00f3n del club y su salida como entrenador. En una extensa entrevista con el diario La Vanguardia, el exfutbolista cuestion\u00f3 directamente al actual presidente, Joan Laporta, y asegur\u00f3 que tambi\u00e9n fue quien fren\u00f3 el posible regreso de Lionel Messi al equipo.<\/p>\n\n\n\n<p>El exentrenador dijo sentirse \u201cliberado\u201d para hablar despu\u00e9s de dos a\u00f1os de silencio tras su salida del cargo y sostuvo que la relaci\u00f3n con Laporta, que en sus inicios era cercana, termin\u00f3 deterior\u00e1ndose.<\/p>\n\n\n\n<p>\u201cDe hecho, yo ficho por el Bar\u00e7a gracias a \u00e9l, pero me fall\u00f3 porque prescindi\u00f3 de m\u00ed como entrenador sin decirme la verdad, condicionado por una persona que creo que est\u00e1 por encima del presidente, que es Alejandro Echevarr\u00eda\u201d, afirm\u00f3. Seg\u00fan Xavi, el empresario y asesor del dirigente es quien tiene un peso determinante en las decisiones del club.<\/p>\n\n\n\n<p>\u201cQuien prescinde de m\u00ed como entrenador es Alejandro\u201d, sostuvo, al referirse al proceso que deriv\u00f3 en su salida del banco azulgrana.<\/p>\n\n\n\n<p>El exvolante tambi\u00e9n se refiri\u00f3 al rol que, seg\u00fan \u00e9l, tiene Echevarr\u00eda dentro de la instituci\u00f3n. \u201cAs\u00ed funciona este Barcelona, pr\u00e1cticamente lo dirige Echevarr\u00eda. Era una persona con la cual yo ten\u00eda una relaci\u00f3n \u00edntima, de amistad, y por eso es la decepci\u00f3n m\u00e1s grande quiz\u00e1 en mi salida del Bar\u00e7a. Me fall\u00f3 por completo\u201d, asegur\u00f3.<\/p>\n\n\n\n<p>Durante la entrevista, Xavi reconstruy\u00f3 la secuencia de hechos que llevaron a su alejamiento del club. Explic\u00f3 que en enero de su \u00faltima temporada como entrenador hab\u00eda comunicado a la dirigencia su decisi\u00f3n de dejar el cargo a mitad de a\u00f1o.<\/p>\n\n\n\n<p>\u201cLes digo que a partir de junio no continuar\u00e9 por el bien del club y por el m\u00edo personal. A partir de ah\u00ed el equipo empieza a ganar y durante dos o tres meses me insisten para que me quede\u201d, relat\u00f3.<\/p>\n\n\n\n<p>Seg\u00fan su versi\u00f3n, durante ese per\u00edodo mantuvo una reuni\u00f3n directa con Echevarr\u00eda para aclarar su situaci\u00f3n. \u201cLe dije que ten\u00eda dudas porque me estaban pidiendo que continuara pero yo no lo ve\u00eda claro. \u00c9l me respondi\u00f3 que estaban planificando la temporada siguiente y que el presidente lo ten\u00eda decidido\u201d, cont\u00f3.<\/p>\n\n\n\n<p>Sin embargo, tras la eliminaci\u00f3n en la Champions League frente al PSG y la derrota en la Liga ante Real Madrid, el escenario cambi\u00f3. \u201cDespu\u00e9s recibo un llamado y me dicen que la junta directiva no ve\u00eda clara mi continuidad\u201d, explic\u00f3.<\/p>\n\n\n\n<p>En la entrevista, Xavi tambi\u00e9n revel\u00f3 que durante su etapa como entrenador estuvo muy cerca de concretarse el regreso de Lionel Messi al club despu\u00e9s de su salida, pero asegur\u00f3 que la operaci\u00f3n no prosper\u00f3 por decisi\u00f3n de Laporta.<\/p>\n\n\n\n<p>El exfutbolista afirm\u00f3 que la posibilidad fue analizada dentro del club, pero que finalmente el presidente decidi\u00f3 no avanzar con la vuelta del capit\u00e1n de la selecci\u00f3n argentina al equipo catal\u00e1n.<\/p>\n","protected":false},"excerpt":{"rendered":"<p>En una entrevista, el exDT y excompa\u00f1ero del argentino lanz\u00f3 fuertes cr\u00edticas contra el presidente&#8230;<\/p>\n","protected":false},"author":2,"featured_media":0,"comment_status":"open","ping_status":"open","sticky":false,"template":"","format":"standard","meta":{"footnotes":""},"categories":[18,13],"tags":[19],"class_list":["post-44021","post","type-post","status-publish","format-standard","hentry","category-deportes","category-ultima-noticia","tag-deportes"],"_links":{"self":[{"href":"https:\/\/tendenciaspoliticas.com\/index.php?rest_route=\/wp\/v2\/posts\/44021","targetHints":{"allow":["GET"]}}],"collection":[{"href":"https:\/\/tendenciaspoliticas.com\/index.php?rest_route=\/wp\/v2\/posts"}],"about":[{"href":"https:\/\/tendenciaspoliticas.com\/index.php?rest_route=\/wp\/v2\/types\/post"}],"author":[{"embeddable":true,"href":"https:\/\/tendenciaspoliticas.com\/index.php?rest_route=\/wp\/v2\/users\/2"}],"replies":[{"embeddable":true,"href":"https:\/\/tendenciaspoliticas.com\/index.php?rest_route=%2Fwp%2Fv2%2Fcomments&post=44021"}],"version-history":[{"count":1,"href":"https:\/\/tendenciaspoliticas.com\/index.php?rest_route=\/wp\/v2\/posts\/44021\/revisions"}],"predecessor-version":[{"id":44023,"href":"https:\/\/tendenciaspoliticas.com\/index.php?rest_route=\/wp\/v2\/posts\/44021\/revisions\/44023"}],"wp:attachment":[{"href":"https:\/\/tendenciaspoliticas.com\/index.php?rest_route=%2Fwp%2Fv2%2Fmedia&parent=44021"}],"wp:term":[{"taxonomy":"category","embeddable":true,"href":"https:\/\/tendenciaspoliticas.com\/index.php?rest_route=%2Fwp%2Fv2%2Fcategories&post=44021"},{"taxonomy":"post_tag","embeddable":true,"href":"https:\/\/tendenciaspoliticas.com\/index.php?rest_route=%2Fwp%2Fv2%2Ftags&post=44021"}],"curies":[{"name":"wp","href":"https:\/\/api.w.org\/{rel}","templated":true}]}}