{"id":44015,"date":"2026-03-09T07:10:34","date_gmt":"2026-03-09T10:10:34","guid":{"rendered":"https:\/\/tendenciaspoliticas.com\/?p=44015"},"modified":"2026-03-09T07:10:34","modified_gmt":"2026-03-09T10:10:34","slug":"el-gobierno-promulgo-el-nuevo-regimen-penal-juvenil-a-10-dias-de-su-sancion-en-el-senado","status":"publish","type":"post","link":"https:\/\/tendenciaspoliticas.com\/?p=44015","title":{"rendered":"El Gobierno promulg\u00f3 el nuevo r\u00e9gimen penal juvenil a 10 d\u00edas de su sanci\u00f3n en el Senado"},"content":{"rendered":"\n<p>La ley fija la responsabilidad penal desde los 14 a\u00f1os y establece penas y medidas espec\u00edficas para adolescentes en conflicto con la ley.<\/p>\n\n\n\n<figure class=\"wp-block-image size-full\"><img loading=\"lazy\" decoding=\"async\" width=\"880\" height=\"586\" src=\"https:\/\/tendenciaspoliticas.com\/wp-content\/uploads\/2026\/03\/image-116.png\" alt=\"\" class=\"wp-image-44016\" srcset=\"https:\/\/tendenciaspoliticas.com\/wp-content\/uploads\/2026\/03\/image-116.png 880w, https:\/\/tendenciaspoliticas.com\/wp-content\/uploads\/2026\/03\/image-116-300x200.png 300w, https:\/\/tendenciaspoliticas.com\/wp-content\/uploads\/2026\/03\/image-116-768x511.png 768w\" sizes=\"auto, (max-width: 880px) 100vw, 880px\" \/><\/figure>\n\n\n\n<p>El Gobierno promulg\u00f3 el nuevo r\u00e9gimen penal juvenil que establece la responsabilidad penal desde los 14 a\u00f1os y fija un sistema de sanciones espec\u00edfico para quienes cometan delitos antes de cumplir los 18. La norma contempla la posibilidad de penas privativas de libertad en determinados casos, fija un m\u00e1ximo de 15 a\u00f1os de detenci\u00f3n y establece medidas orientadas a la educaci\u00f3n y resocializaci\u00f3n de los j\u00f3venes en conflicto con la ley penal.<\/p>\n\n\n\n<p>La ley fue publicada este lunes en el Bolet\u00edn Oficial bajo el n\u00famero 27.801 y establece el r\u00e9gimen penal aplicable a adolescentes de entre 14 y 18 a\u00f1os imputados por delitos previstos en el C\u00f3digo Penal o en leyes penales especiales. Seg\u00fan el texto oficial, el objetivo del sistema es fomentar en el adolescente imputado el \u201csentido de la responsabilidad legal por sus actos y lograr su educaci\u00f3n, resocializaci\u00f3n e integraci\u00f3n social\u201d.<\/p>\n\n\n\n<p>La norma hab\u00eda sido aprobada por el Senado hace diez d\u00edas, tras el impulso del Gobierno de Javier Milei. El proyecto obtuvo 44 votos a favor, 27 en contra y una abstenci\u00f3n, lo que permiti\u00f3 su sanci\u00f3n definitiva en el Congreso.<\/p>\n\n\n\n<p>La ley establece que las personas podr\u00e1n ser imputadas por delitos cometidos desde los 14 a\u00f1os hasta el momento en que cumplan 18. Para esos casos se crea un esquema de sanciones que contempla tanto penas como medidas orientadas a la integraci\u00f3n, la formaci\u00f3n y la educaci\u00f3n.<\/p>\n\n\n\n<p>Entre las medidas previstas se incluyen programas educativos obligatorios, capacitaci\u00f3n laboral, participaci\u00f3n en actividades deportivas, recreativas o culturales y asistencia a programas de formaci\u00f3n ciudadana. Tambi\u00e9n se contemplan tratamientos m\u00e9dicos o psicol\u00f3gicos cuando resulte necesario y la asistencia a servicios de salud acordes a la edad del adolescente.<\/p>\n\n\n\n<p>El r\u00e9gimen prev\u00e9 adem\u00e1s distintas sanciones que pueden ser aplicadas por la Justicia, entre ellas la amonestaci\u00f3n judicial, la prohibici\u00f3n de acercamiento a la v\u00edctima, la restricci\u00f3n para concurrir a determinados lugares o espect\u00e1culos, la prohibici\u00f3n de conducir veh\u00edculos en determinados casos y el monitoreo electr\u00f3nico.<\/p>\n\n\n\n<p>La ley tambi\u00e9n proh\u00edbe la imposici\u00f3n de penas de prisi\u00f3n perpetua para adolescentes y establece que el plazo m\u00e1ximo de privaci\u00f3n de libertad ser\u00e1 de 15 a\u00f1os. El sistema prev\u00e9 que las medidas de encierro se apliquen como \u00faltimo recurso y por el tiempo m\u00e1s breve posible, de acuerdo con los est\u00e1ndares internacionales sobre derechos de ni\u00f1os, ni\u00f1as y adolescentes.<\/p>\n","protected":false},"excerpt":{"rendered":"<p>La ley fija la responsabilidad penal desde los 14 a\u00f1os y establece penas y medidas&#8230;<\/p>\n","protected":false},"author":2,"featured_media":0,"comment_status":"open","ping_status":"open","sticky":false,"template":"","format":"standard","meta":{"footnotes":""},"categories":[1,13],"tags":[14],"class_list":["post-44015","post","type-post","status-publish","format-standard","hentry","category-politica","category-ultima-noticia","tag-politica"],"_links":{"self":[{"href":"https:\/\/tendenciaspoliticas.com\/index.php?rest_route=\/wp\/v2\/posts\/44015","targetHints":{"allow":["GET"]}}],"collection":[{"href":"https:\/\/tendenciaspoliticas.com\/index.php?rest_route=\/wp\/v2\/posts"}],"about":[{"href":"https:\/\/tendenciaspoliticas.com\/index.php?rest_route=\/wp\/v2\/types\/post"}],"author":[{"embeddable":true,"href":"https:\/\/tendenciaspoliticas.com\/index.php?rest_route=\/wp\/v2\/users\/2"}],"replies":[{"embeddable":true,"href":"https:\/\/tendenciaspoliticas.com\/index.php?rest_route=%2Fwp%2Fv2%2Fcomments&post=44015"}],"version-history":[{"count":1,"href":"https:\/\/tendenciaspoliticas.com\/index.php?rest_route=\/wp\/v2\/posts\/44015\/revisions"}],"predecessor-version":[{"id":44017,"href":"https:\/\/tendenciaspoliticas.com\/index.php?rest_route=\/wp\/v2\/posts\/44015\/revisions\/44017"}],"wp:attachment":[{"href":"https:\/\/tendenciaspoliticas.com\/index.php?rest_route=%2Fwp%2Fv2%2Fmedia&parent=44015"}],"wp:term":[{"taxonomy":"category","embeddable":true,"href":"https:\/\/tendenciaspoliticas.com\/index.php?rest_route=%2Fwp%2Fv2%2Fcategories&post=44015"},{"taxonomy":"post_tag","embeddable":true,"href":"https:\/\/tendenciaspoliticas.com\/index.php?rest_route=%2Fwp%2Fv2%2Ftags&post=44015"}],"curies":[{"name":"wp","href":"https:\/\/api.w.org\/{rel}","templated":true}]}}