{"id":44003,"date":"2026-03-09T16:05:00","date_gmt":"2026-03-09T19:05:00","guid":{"rendered":"https:\/\/tendenciaspoliticas.com\/?p=44003"},"modified":"2026-03-09T07:06:07","modified_gmt":"2026-03-09T10:06:07","slug":"boric-y-kast-retoman-el-dialogo-a-dias-del-cambio-de-mando-en-chile","status":"publish","type":"post","link":"https:\/\/tendenciaspoliticas.com\/?p=44003","title":{"rendered":"Boric y Kast retoman el di\u00e1logo a d\u00edas del cambio de mando en Chile"},"content":{"rendered":"\n<p>El presidente saliente y el mandatario electo buscaron dejar atr\u00e1s tensiones surgidas durante la transici\u00f3n. La disputa se hab\u00eda originado por un proyecto de cable submarino con participaci\u00f3n china.<\/p>\n\n\n\n<figure class=\"wp-block-image size-full\"><img loading=\"lazy\" decoding=\"async\" width=\"421\" height=\"306\" src=\"https:\/\/tendenciaspoliticas.com\/wp-content\/uploads\/2026\/03\/image-112.png\" alt=\"\" class=\"wp-image-44004\" srcset=\"https:\/\/tendenciaspoliticas.com\/wp-content\/uploads\/2026\/03\/image-112.png 421w, https:\/\/tendenciaspoliticas.com\/wp-content\/uploads\/2026\/03\/image-112-300x218.png 300w\" sizes=\"auto, (max-width: 421px) 100vw, 421px\" \/><\/figure>\n\n\n\n<p>El presidente saliente de Chile, Gabriel Boric, y el mandatario electo, Jos\u00e9 Antonio Kast, mantuvieron una reuni\u00f3n en el palacio de Palacio de La Moneda, en Santiago, con el objetivo de retomar el proceso de transici\u00f3n de gobierno a pocos d\u00edas del traspaso de mando.<\/p>\n\n\n\n<p>El encuentro se produjo luego de una semana marcada por tensiones entre ambos equipos. Kast hab\u00eda decidido suspender las reuniones de transici\u00f3n tras acusar al gobierno saliente de no compartir informaci\u00f3n relevante sobre un proyecto de infraestructura digital que involucra a la empresa china China Mobile.<\/p>\n\n\n\n<p>La iniciativa contempla la construcci\u00f3n de un cable submarino de fibra \u00f3ptica destinado a conectar Asia con la costa chilena. El proyecto gener\u00f3 preocupaci\u00f3n en Estados Unidos por posibles implicancias en materia de seguridad estrat\u00e9gica y control de datos.<\/p>\n\n\n\n<p>Tras el encuentro, Boric asegur\u00f3 que las diferencias quedaron superadas y afirm\u00f3 que el objetivo de la reuni\u00f3n fue garantizar una transici\u00f3n transparente. El mandatario explic\u00f3 que se entregaron documentos y antecedentes relevantes para la futura administraci\u00f3n, incluyendo informes vinculados a pol\u00edticas de Estado y temas de seguridad.<\/p>\n\n\n\n<p>Entre los materiales compartidos figuran reportes sobre la situaci\u00f3n del sistema de protecci\u00f3n de menores y el trabajo de una comisi\u00f3n dedicada a investigar abusos en el Servicio Nacional de Menores, as\u00ed como informes vinculados al conflicto en la regi\u00f3n de La Araucan\u00eda y la relaci\u00f3n entre el Estado chileno y el pueblo mapuche.<\/p>\n\n\n\n<p>Por su parte, Kast agradeci\u00f3 la informaci\u00f3n recibida y se\u00f1al\u00f3 que los documentos ser\u00e1n analizados una vez que asuma formalmente el cargo. El dirigente conservador asumir\u00e1 la presidencia de Chile el 11 de marzo y gobernar\u00e1 durante un per\u00edodo de cuatro a\u00f1os.<\/p>\n\n\n\n<p>Ambos coincidieron en que el traspaso de mando debe desarrollarse con normalidad institucional. En ese sentido, remarcaron la importancia de que el proceso refleje la tradici\u00f3n democr\u00e1tica del pa\u00eds y garantice una transici\u00f3n ordenada entre las administraciones.<\/p>\n","protected":false},"excerpt":{"rendered":"<p>El presidente saliente y el mandatario electo buscaron dejar atr\u00e1s tensiones surgidas durante la transici\u00f3n&#8230;.<\/p>\n","protected":false},"author":2,"featured_media":0,"comment_status":"open","ping_status":"open","sticky":false,"template":"","format":"standard","meta":{"footnotes":""},"categories":[11],"tags":[16],"class_list":["post-44003","post","type-post","status-publish","format-standard","hentry","category-internacionales","tag-internacionales"],"_links":{"self":[{"href":"https:\/\/tendenciaspoliticas.com\/index.php?rest_route=\/wp\/v2\/posts\/44003","targetHints":{"allow":["GET"]}}],"collection":[{"href":"https:\/\/tendenciaspoliticas.com\/index.php?rest_route=\/wp\/v2\/posts"}],"about":[{"href":"https:\/\/tendenciaspoliticas.com\/index.php?rest_route=\/wp\/v2\/types\/post"}],"author":[{"embeddable":true,"href":"https:\/\/tendenciaspoliticas.com\/index.php?rest_route=\/wp\/v2\/users\/2"}],"replies":[{"embeddable":true,"href":"https:\/\/tendenciaspoliticas.com\/index.php?rest_route=%2Fwp%2Fv2%2Fcomments&post=44003"}],"version-history":[{"count":1,"href":"https:\/\/tendenciaspoliticas.com\/index.php?rest_route=\/wp\/v2\/posts\/44003\/revisions"}],"predecessor-version":[{"id":44005,"href":"https:\/\/tendenciaspoliticas.com\/index.php?rest_route=\/wp\/v2\/posts\/44003\/revisions\/44005"}],"wp:attachment":[{"href":"https:\/\/tendenciaspoliticas.com\/index.php?rest_route=%2Fwp%2Fv2%2Fmedia&parent=44003"}],"wp:term":[{"taxonomy":"category","embeddable":true,"href":"https:\/\/tendenciaspoliticas.com\/index.php?rest_route=%2Fwp%2Fv2%2Fcategories&post=44003"},{"taxonomy":"post_tag","embeddable":true,"href":"https:\/\/tendenciaspoliticas.com\/index.php?rest_route=%2Fwp%2Fv2%2Ftags&post=44003"}],"curies":[{"name":"wp","href":"https:\/\/api.w.org\/{rel}","templated":true}]}}