{"id":43991,"date":"2026-03-09T16:01:00","date_gmt":"2026-03-09T19:01:00","guid":{"rendered":"https:\/\/tendenciaspoliticas.com\/?p=43991"},"modified":"2026-03-09T07:02:10","modified_gmt":"2026-03-09T10:02:10","slug":"la-oposicion-explora-un-frente-amplio-para-enfrentar-a-milei","status":"publish","type":"post","link":"https:\/\/tendenciaspoliticas.com\/?p=43991","title":{"rendered":"La oposici\u00f3n explora un frente amplio para enfrentar a Milei"},"content":{"rendered":"\n<p>El encuentro entre Miguel Pichetto y Cristina Kirchner reactiv\u00f3 el debate sobre una alianza pol\u00edtica m\u00e1s amplia. En distintos sectores del peronismo plantean sumar a dirigentes del radicalismo y del PRO distanciados del oficialismo.<\/p>\n\n\n\n<figure class=\"wp-block-image size-full\"><img loading=\"lazy\" decoding=\"async\" width=\"1000\" height=\"563\" src=\"https:\/\/tendenciaspoliticas.com\/wp-content\/uploads\/2026\/03\/image-108.png\" alt=\"\" class=\"wp-image-43992\" srcset=\"https:\/\/tendenciaspoliticas.com\/wp-content\/uploads\/2026\/03\/image-108.png 1000w, https:\/\/tendenciaspoliticas.com\/wp-content\/uploads\/2026\/03\/image-108-300x169.png 300w, https:\/\/tendenciaspoliticas.com\/wp-content\/uploads\/2026\/03\/image-108-768x432.png 768w\" sizes=\"auto, (max-width: 1000px) 100vw, 1000px\" \/><\/figure>\n\n\n\n<p>La oposici\u00f3n comenz\u00f3 a debatir la posibilidad de construir un frente pol\u00edtico amplio para enfrentar al gobierno de Javier Milei en los pr\u00f3ximos procesos electorales. La discusi\u00f3n tom\u00f3 impulso tras el reciente encuentro entre el diputado Miguel \u00c1ngel Pichetto y la ex presidenta Cristina Fern\u00e1ndez de Kirchner, un contacto que volvi\u00f3 a abrir el di\u00e1logo entre sectores del peronismo y dirigentes de otros espacios.<\/p>\n\n\n\n<p>La reuni\u00f3n, realizada luego de m\u00e1s de una d\u00e9cada sin contacto pol\u00edtico directo entre ambos, aliment\u00f3 la idea de avanzar hacia una coalici\u00f3n opositora que incluya no s\u00f3lo al peronismo sino tambi\u00e9n a dirigentes del radicalismo y del PRO que mantienen distancia con el oficialismo libertario.<\/p>\n\n\n\n<p>Pichetto plante\u00f3 p\u00fablicamente la necesidad de impulsar un \u201cfrente nacional\u201d amplio que re\u00fana a partidos y dirigentes del centro pol\u00edtico con un programa econ\u00f3mico productivo. Seg\u00fan explic\u00f3, el objetivo ser\u00eda construir una alternativa capaz de competir con el oficialismo en un escenario electoral polarizado.<\/p>\n\n\n\n<p>En el peronismo, algunos dirigentes ven con inter\u00e9s la posibilidad de ampliar la base pol\u00edtica del espacio. Consideran que un eventual armado opositor podr\u00eda sumar a sectores del llamado peronismo federal, gobernadores provinciales y referentes de otros partidos con presencia territorial.<\/p>\n\n\n\n<p>Dentro de ese debate tambi\u00e9n aparece la figura del gobernador bonaerense Axel Kicillof, mencionado en algunos sectores como posible candidato presidencial en un futuro frente opositor. No obstante, dirigentes del espacio se\u00f1alan que cualquier definici\u00f3n deber\u00eda resolverse mediante internas abiertas o acuerdos pol\u00edticos.<\/p>\n\n\n\n<p>La iniciativa a\u00fan se encuentra en una etapa inicial y sin una estructura formal definida. Sin embargo, el debate refleja la b\u00fasqueda de una estrategia com\u00fan frente a un oficialismo que mantiene capacidad de iniciativa en el Congreso y un escenario pol\u00edtico fragmentado.<\/p>\n\n\n\n<p>Por ahora, la idea de un frente opositor amplio sigue en discusi\u00f3n, mientras distintos sectores eval\u00faan c\u00f3mo reorganizarse frente al liderazgo pol\u00edtico de Milei y a la din\u00e1mica del actual sistema de alianzas.<\/p>\n","protected":false},"excerpt":{"rendered":"<p>El encuentro entre Miguel Pichetto y Cristina Kirchner reactiv\u00f3 el debate sobre una alianza pol\u00edtica&#8230;<\/p>\n","protected":false},"author":2,"featured_media":0,"comment_status":"open","ping_status":"open","sticky":false,"template":"","format":"standard","meta":{"footnotes":""},"categories":[1],"tags":[14],"class_list":["post-43991","post","type-post","status-publish","format-standard","hentry","category-politica","tag-politica"],"_links":{"self":[{"href":"https:\/\/tendenciaspoliticas.com\/index.php?rest_route=\/wp\/v2\/posts\/43991","targetHints":{"allow":["GET"]}}],"collection":[{"href":"https:\/\/tendenciaspoliticas.com\/index.php?rest_route=\/wp\/v2\/posts"}],"about":[{"href":"https:\/\/tendenciaspoliticas.com\/index.php?rest_route=\/wp\/v2\/types\/post"}],"author":[{"embeddable":true,"href":"https:\/\/tendenciaspoliticas.com\/index.php?rest_route=\/wp\/v2\/users\/2"}],"replies":[{"embeddable":true,"href":"https:\/\/tendenciaspoliticas.com\/index.php?rest_route=%2Fwp%2Fv2%2Fcomments&post=43991"}],"version-history":[{"count":1,"href":"https:\/\/tendenciaspoliticas.com\/index.php?rest_route=\/wp\/v2\/posts\/43991\/revisions"}],"predecessor-version":[{"id":43993,"href":"https:\/\/tendenciaspoliticas.com\/index.php?rest_route=\/wp\/v2\/posts\/43991\/revisions\/43993"}],"wp:attachment":[{"href":"https:\/\/tendenciaspoliticas.com\/index.php?rest_route=%2Fwp%2Fv2%2Fmedia&parent=43991"}],"wp:term":[{"taxonomy":"category","embeddable":true,"href":"https:\/\/tendenciaspoliticas.com\/index.php?rest_route=%2Fwp%2Fv2%2Fcategories&post=43991"},{"taxonomy":"post_tag","embeddable":true,"href":"https:\/\/tendenciaspoliticas.com\/index.php?rest_route=%2Fwp%2Fv2%2Ftags&post=43991"}],"curies":[{"name":"wp","href":"https:\/\/api.w.org\/{rel}","templated":true}]}}