{"id":43988,"date":"2026-03-09T16:00:00","date_gmt":"2026-03-09T19:00:00","guid":{"rendered":"https:\/\/tendenciaspoliticas.com\/?p=43988"},"modified":"2026-03-09T07:01:21","modified_gmt":"2026-03-09T10:01:21","slug":"el-gobierno-busca-recomponer-su-vinculo-con-la-corte-y-prioriza-el-dialogo-con-rosatti","status":"publish","type":"post","link":"https:\/\/tendenciaspoliticas.com\/?p=43988","title":{"rendered":"El Gobierno busca recomponer su v\u00ednculo con la Corte y prioriza el di\u00e1logo con Rosatti"},"content":{"rendered":"\n<p>El nuevo ministro de Justicia, Juan Bautista Mahiques, encabezar\u00e1 la estrategia oficial para abrir un canal institucional con el m\u00e1ximo tribunal. La Casa Rosada descarta por ahora impulsar nuevos pliegos para cubrir vacantes.<br><\/p>\n\n\n\n<figure class=\"wp-block-image size-full\"><img loading=\"lazy\" decoding=\"async\" width=\"565\" height=\"386\" src=\"https:\/\/tendenciaspoliticas.com\/wp-content\/uploads\/2026\/03\/image-107.png\" alt=\"\" class=\"wp-image-43989\" srcset=\"https:\/\/tendenciaspoliticas.com\/wp-content\/uploads\/2026\/03\/image-107.png 565w, https:\/\/tendenciaspoliticas.com\/wp-content\/uploads\/2026\/03\/image-107-300x205.png 300w\" sizes=\"auto, (max-width: 565px) 100vw, 565px\" \/><\/figure>\n\n\n\n<p>El Gobierno nacional comenz\u00f3 a delinear una nueva estrategia en su relaci\u00f3n con la Corte Suprema de Justicia de la Naci\u00f3n, con el objetivo de establecer un v\u00ednculo institucional m\u00e1s fluido con su presidente, Horacio Rosatti. La tarea quedar\u00e1 en manos del flamante ministro de Justicia, Juan Bautista Mahiques, quien asumi\u00f3 con la misi\u00f3n de encauzar el di\u00e1logo con el m\u00e1ximo tribunal.<\/p>\n\n\n\n<p>El cambio en la conducci\u00f3n del \u00e1rea se produjo tras la salida de Mariano C\u00faneo Libarona y responde a una decisi\u00f3n impulsada desde el entorno presidencial. Dentro del oficialismo sostienen que la nueva etapa busca ordenar la estrategia judicial del Gobierno y reducir tensiones acumuladas durante los primeros meses de gesti\u00f3n.<\/p>\n\n\n\n<p>Seg\u00fan fuentes de la Casa Rosada, el objetivo es establecer un canal institucional con la Corte que permita discutir reformas y proyectos clave, entre ellos una futura modificaci\u00f3n del C\u00f3digo Penal. En ese marco, el Ejecutivo busca escuchar la posici\u00f3n de los ministros del tribunal antes de enviar iniciativas al Congreso.<\/p>\n\n\n\n<p>Uno de los primeros gestos de esta nueva estrategia es la decisi\u00f3n de no avanzar, al menos durante este a\u00f1o, con el env\u00edo de pliegos para cubrir vacantes en la Corte. La medida implica dejar en pausa el intento previo de designar a Ariel Lijo y Manuel Garc\u00eda-Mansilla sin un consenso pol\u00edtico amplio.<\/p>\n\n\n\n<p>Desde el Ministerio de Justicia sostienen que la prioridad actual ser\u00e1 cubrir cargos en tribunales inferiores, donde existen numerosas vacantes que afectan el funcionamiento del sistema judicial en distintas provincias.<\/p>\n\n\n\n<p>Mahiques, que ya tuvo contacto con integrantes del tribunal durante su trayectoria en la funci\u00f3n p\u00fablica, mantiene una relaci\u00f3n de trabajo con Rosatti y tambi\u00e9n con Carlos Rosenkrantz. Al mismo tiempo, el Gobierno busca sostener el v\u00ednculo pol\u00edtico con Ricardo Lorenzetti, con quien el presidente Javier Milei hab\u00eda establecido contacto antes de llegar a la Casa Rosada.<\/p>\n\n\n\n<p>En este contexto, el Ejecutivo intenta abrir una etapa de mayor di\u00e1logo con el Poder Judicial, en medio de un escenario pol\u00edtico en el que el oficialismo busca consolidar apoyos para avanzar con su agenda legislativa.<\/p>\n","protected":false},"excerpt":{"rendered":"<p>El nuevo ministro de Justicia, Juan Bautista Mahiques, encabezar\u00e1 la estrategia oficial para abrir un&#8230;<\/p>\n","protected":false},"author":2,"featured_media":0,"comment_status":"open","ping_status":"open","sticky":false,"template":"","format":"standard","meta":{"footnotes":""},"categories":[1,13],"tags":[14],"class_list":["post-43988","post","type-post","status-publish","format-standard","hentry","category-politica","category-ultima-noticia","tag-politica"],"_links":{"self":[{"href":"https:\/\/tendenciaspoliticas.com\/index.php?rest_route=\/wp\/v2\/posts\/43988","targetHints":{"allow":["GET"]}}],"collection":[{"href":"https:\/\/tendenciaspoliticas.com\/index.php?rest_route=\/wp\/v2\/posts"}],"about":[{"href":"https:\/\/tendenciaspoliticas.com\/index.php?rest_route=\/wp\/v2\/types\/post"}],"author":[{"embeddable":true,"href":"https:\/\/tendenciaspoliticas.com\/index.php?rest_route=\/wp\/v2\/users\/2"}],"replies":[{"embeddable":true,"href":"https:\/\/tendenciaspoliticas.com\/index.php?rest_route=%2Fwp%2Fv2%2Fcomments&post=43988"}],"version-history":[{"count":1,"href":"https:\/\/tendenciaspoliticas.com\/index.php?rest_route=\/wp\/v2\/posts\/43988\/revisions"}],"predecessor-version":[{"id":43990,"href":"https:\/\/tendenciaspoliticas.com\/index.php?rest_route=\/wp\/v2\/posts\/43988\/revisions\/43990"}],"wp:attachment":[{"href":"https:\/\/tendenciaspoliticas.com\/index.php?rest_route=%2Fwp%2Fv2%2Fmedia&parent=43988"}],"wp:term":[{"taxonomy":"category","embeddable":true,"href":"https:\/\/tendenciaspoliticas.com\/index.php?rest_route=%2Fwp%2Fv2%2Fcategories&post=43988"},{"taxonomy":"post_tag","embeddable":true,"href":"https:\/\/tendenciaspoliticas.com\/index.php?rest_route=%2Fwp%2Fv2%2Ftags&post=43988"}],"curies":[{"name":"wp","href":"https:\/\/api.w.org\/{rel}","templated":true}]}}