{"id":43985,"date":"2026-03-09T07:00:04","date_gmt":"2026-03-09T10:00:04","guid":{"rendered":"https:\/\/tendenciaspoliticas.com\/?p=43985"},"modified":"2026-03-09T07:00:04","modified_gmt":"2026-03-09T10:00:04","slug":"milei-inicia-en-nueva-york-la-argentina-week-para-atraer-inversiones-y-reforzar-vinculos-con-ee-uu","status":"publish","type":"post","link":"https:\/\/tendenciaspoliticas.com\/?p=43985","title":{"rendered":"Milei inicia en Nueva York la \u201cArgentina Week\u201d para atraer inversiones y reforzar v\u00ednculos con EE.UU."},"content":{"rendered":"\n<p>El presidente participar\u00e1 de encuentros con bancos de Wall Street, empresas energ\u00e9ticas y tecnol\u00f3gicas. La agenda tambi\u00e9n incluye actividades con la comunidad jud\u00eda y reuniones con ejecutivos del sistema financiero.<br><\/p>\n\n\n\n<figure class=\"wp-block-image size-full\"><img loading=\"lazy\" decoding=\"async\" width=\"565\" height=\"386\" src=\"https:\/\/tendenciaspoliticas.com\/wp-content\/uploads\/2026\/03\/image-106.png\" alt=\"\" class=\"wp-image-43986\" srcset=\"https:\/\/tendenciaspoliticas.com\/wp-content\/uploads\/2026\/03\/image-106.png 565w, https:\/\/tendenciaspoliticas.com\/wp-content\/uploads\/2026\/03\/image-106-300x205.png 300w\" sizes=\"auto, (max-width: 565px) 100vw, 565px\" \/><\/figure>\n\n\n\n<p>El presidente Javier Milei inici\u00f3 su agenda en Nueva York con una visita a la tumba del rabino Menachem Mendel Schneerson, l\u00edder espiritual del movimiento Jabad Lubavitch, en el barrio de Queens. El gesto forma parte de un ritual personal que el mandatario suele realizar cada vez que viaja a la ciudad.<\/p>\n\n\n\n<p>Milei lleg\u00f3 desde Miami acompa\u00f1ado por su hermana y secretaria general de la Presidencia, Karina Milei, adem\u00e1s de funcionarios de su equipo. Tras esta primera actividad, el mandatario comenzar\u00e1 una serie de encuentros pol\u00edticos y empresariales en el marco de la \u201cArgentina Week\u201d, una iniciativa destinada a promocionar oportunidades de inversi\u00f3n en el pa\u00eds.<\/p>\n\n\n\n<p>El evento re\u00fane a miembros del Gobierno argentino con ejecutivos de grandes bancos y compa\u00f1\u00edas internacionales. Las jornadas se desarrollar\u00e1n principalmente en sedes de entidades financieras de Wall Street como JPMorgan Chase, Bank of America y Citigroup, que participan en la organizaci\u00f3n junto con la embajada argentina en Estados Unidos y otras instituciones empresariales.<\/p>\n\n\n\n<p>Uno de los momentos centrales ser\u00e1 la exposici\u00f3n de Milei ante inversores en el edificio de JPMorgan sobre Park Avenue. All\u00ed se prev\u00e9 un encuentro privado con el director ejecutivo del banco, Jamie Dimon, seguido de un discurso ante ejecutivos y representantes del sector financiero.<\/p>\n\n\n\n<p>Durante los paneles tambi\u00e9n participar\u00e1n funcionarios del \u00e1rea econ\u00f3mica, entre ellos el ministro de Econom\u00eda, Luis Caputo, y el presidente del Banco Central, Santiago Bausili. Las discusiones abordar\u00e1n las reformas econ\u00f3micas impulsadas por el Gobierno, las privatizaciones y el desarrollo de sectores productivos estrat\u00e9gicos.<\/p>\n","protected":false},"excerpt":{"rendered":"<p>El presidente participar\u00e1 de encuentros con bancos de Wall Street, empresas energ\u00e9ticas y tecnol\u00f3gicas. La&#8230;<\/p>\n","protected":false},"author":2,"featured_media":0,"comment_status":"open","ping_status":"open","sticky":false,"template":"","format":"standard","meta":{"footnotes":""},"categories":[1,13],"tags":[14],"class_list":["post-43985","post","type-post","status-publish","format-standard","hentry","category-politica","category-ultima-noticia","tag-politica"],"_links":{"self":[{"href":"https:\/\/tendenciaspoliticas.com\/index.php?rest_route=\/wp\/v2\/posts\/43985","targetHints":{"allow":["GET"]}}],"collection":[{"href":"https:\/\/tendenciaspoliticas.com\/index.php?rest_route=\/wp\/v2\/posts"}],"about":[{"href":"https:\/\/tendenciaspoliticas.com\/index.php?rest_route=\/wp\/v2\/types\/post"}],"author":[{"embeddable":true,"href":"https:\/\/tendenciaspoliticas.com\/index.php?rest_route=\/wp\/v2\/users\/2"}],"replies":[{"embeddable":true,"href":"https:\/\/tendenciaspoliticas.com\/index.php?rest_route=%2Fwp%2Fv2%2Fcomments&post=43985"}],"version-history":[{"count":1,"href":"https:\/\/tendenciaspoliticas.com\/index.php?rest_route=\/wp\/v2\/posts\/43985\/revisions"}],"predecessor-version":[{"id":43987,"href":"https:\/\/tendenciaspoliticas.com\/index.php?rest_route=\/wp\/v2\/posts\/43985\/revisions\/43987"}],"wp:attachment":[{"href":"https:\/\/tendenciaspoliticas.com\/index.php?rest_route=%2Fwp%2Fv2%2Fmedia&parent=43985"}],"wp:term":[{"taxonomy":"category","embeddable":true,"href":"https:\/\/tendenciaspoliticas.com\/index.php?rest_route=%2Fwp%2Fv2%2Fcategories&post=43985"},{"taxonomy":"post_tag","embeddable":true,"href":"https:\/\/tendenciaspoliticas.com\/index.php?rest_route=%2Fwp%2Fv2%2Ftags&post=43985"}],"curies":[{"name":"wp","href":"https:\/\/api.w.org\/{rel}","templated":true}]}}