{"id":43982,"date":"2026-03-09T16:58:00","date_gmt":"2026-03-09T19:58:00","guid":{"rendered":"https:\/\/tendenciaspoliticas.com\/?p=43982"},"modified":"2026-03-09T06:58:59","modified_gmt":"2026-03-09T09:58:59","slug":"tapia-busca-respaldo-en-el-interior-del-pais-antes-de-declarar-en-comodoro-py","status":"publish","type":"post","link":"https:\/\/tendenciaspoliticas.com\/?p=43982","title":{"rendered":"Tapia busca respaldo en el interior del pa\u00eds antes de declarar en Comodoro Py"},"content":{"rendered":"\n<p><strong>El presidente de la AFA encabez\u00f3 un encuentro con dirigentes de ligas del interior en C\u00f3rdoba en medio de las causas judiciales que lo investigan. El jueves deber\u00e1 presentarse ante la Justicia por una denuncia vinculada a aportes previsionales.<\/strong><\/p>\n\n\n\n<figure class=\"wp-block-image size-full\"><img loading=\"lazy\" decoding=\"async\" width=\"565\" height=\"364\" src=\"https:\/\/tendenciaspoliticas.com\/wp-content\/uploads\/2026\/03\/image-105.png\" alt=\"\" class=\"wp-image-43983\" srcset=\"https:\/\/tendenciaspoliticas.com\/wp-content\/uploads\/2026\/03\/image-105.png 565w, https:\/\/tendenciaspoliticas.com\/wp-content\/uploads\/2026\/03\/image-105-300x193.png 300w\" sizes=\"auto, (max-width: 565px) 100vw, 565px\" \/><\/figure>\n\n\n\n<p>A pocos d\u00edas de tener que declarar ante la Justicia, el presidente de la Asociaci\u00f3n del F\u00fatbol Argentino (AFA), Claudio \u201cChiqui\u201d Tapia, intent\u00f3 mostrar fortaleza pol\u00edtica al participar en C\u00f3rdoba de un encuentro con dirigentes del f\u00fatbol del interior. El evento, organizado por el Consejo Federal, reuni\u00f3 a autoridades de ligas regionales y sirvi\u00f3 como escenario para expresar apoyo a la conducci\u00f3n actual de la entidad.<\/p>\n\n\n\n<p>Durante el encuentro, Tapia defendi\u00f3 su gesti\u00f3n y busc\u00f3 transmitir un mensaje de continuidad en medio de la presi\u00f3n judicial. \u201cNo nos vamos a detener en seguir engrandeciendo el f\u00fatbol argentino\u201d, afirm\u00f3 ante los dirigentes presentes, en un discurso que apunt\u00f3 a reforzar la idea de unidad dentro de la estructura dirigencial.<\/p>\n\n\n\n<p>El respaldo llega en un momento delicado para el titular de la AFA. Esta semana deber\u00e1 presentarse ante el juez federal que investiga una denuncia relacionada con presuntas irregularidades en el pago de aportes a la seguridad social. El organismo recaudador reclama a la entidad una deuda millonaria que superar\u00eda los 19.000 millones de pesos.<\/p>\n\n\n\n<p>Tapia hab\u00eda logrado postergar su declaraci\u00f3n algunos d\u00edas, pero finalmente deber\u00e1 concurrir a los tribunales de Comodoro Py el jueves por la ma\u00f1ana. Un d\u00eda antes est\u00e1 previsto que declare Pablo Toviggino, uno de sus principales colaboradores dentro de la conducci\u00f3n del f\u00fatbol argentino, quien tambi\u00e9n aparece mencionado en la causa.<\/p>\n\n\n\n<p>En el mismo expediente ya comenzaron a comparecer otros directivos de la organizaci\u00f3n. Entre ellos, dirigentes que ocupan cargos administrativos y que buscan deslindar responsabilidades en el manejo financiero de la entidad.<\/p>\n","protected":false},"excerpt":{"rendered":"<p>El presidente de la AFA encabez\u00f3 un encuentro con dirigentes de ligas del interior en&#8230;<\/p>\n","protected":false},"author":2,"featured_media":0,"comment_status":"open","ping_status":"open","sticky":false,"template":"","format":"standard","meta":{"footnotes":""},"categories":[40,13],"tags":[29],"class_list":["post-43982","post","type-post","status-publish","format-standard","hentry","category-sociedad","category-ultima-noticia","tag-judiciales"],"_links":{"self":[{"href":"https:\/\/tendenciaspoliticas.com\/index.php?rest_route=\/wp\/v2\/posts\/43982","targetHints":{"allow":["GET"]}}],"collection":[{"href":"https:\/\/tendenciaspoliticas.com\/index.php?rest_route=\/wp\/v2\/posts"}],"about":[{"href":"https:\/\/tendenciaspoliticas.com\/index.php?rest_route=\/wp\/v2\/types\/post"}],"author":[{"embeddable":true,"href":"https:\/\/tendenciaspoliticas.com\/index.php?rest_route=\/wp\/v2\/users\/2"}],"replies":[{"embeddable":true,"href":"https:\/\/tendenciaspoliticas.com\/index.php?rest_route=%2Fwp%2Fv2%2Fcomments&post=43982"}],"version-history":[{"count":1,"href":"https:\/\/tendenciaspoliticas.com\/index.php?rest_route=\/wp\/v2\/posts\/43982\/revisions"}],"predecessor-version":[{"id":43984,"href":"https:\/\/tendenciaspoliticas.com\/index.php?rest_route=\/wp\/v2\/posts\/43982\/revisions\/43984"}],"wp:attachment":[{"href":"https:\/\/tendenciaspoliticas.com\/index.php?rest_route=%2Fwp%2Fv2%2Fmedia&parent=43982"}],"wp:term":[{"taxonomy":"category","embeddable":true,"href":"https:\/\/tendenciaspoliticas.com\/index.php?rest_route=%2Fwp%2Fv2%2Fcategories&post=43982"},{"taxonomy":"post_tag","embeddable":true,"href":"https:\/\/tendenciaspoliticas.com\/index.php?rest_route=%2Fwp%2Fv2%2Ftags&post=43982"}],"curies":[{"name":"wp","href":"https:\/\/api.w.org\/{rel}","templated":true}]}}