{"id":43970,"date":"2026-03-09T06:55:56","date_gmt":"2026-03-09T09:55:56","guid":{"rendered":"https:\/\/tendenciaspoliticas.com\/?p=43970"},"modified":"2026-03-09T06:55:56","modified_gmt":"2026-03-09T09:55:56","slug":"comienza-en-tucuman-un-nuevo-juicio-por-el-crimen-de-paulina-lebbos-a-dos-decadas-del-caso","status":"publish","type":"post","link":"https:\/\/tendenciaspoliticas.com\/?p=43970","title":{"rendered":"Comienza en Tucum\u00e1n un nuevo juicio por el crimen de Paulina Lebbos, a dos d\u00e9cadas del caso"},"content":{"rendered":"\n<p><strong>El proceso vuelve a poner bajo la lupa a la ex pareja de la joven y a un dirigente vinculado al poder pol\u00edtico provincial. La causa acumula a\u00f1os de irregularidades, condenas por encubrimiento y una investigaci\u00f3n marcada por la impunidad.<\/strong><\/p>\n\n\n\n<figure class=\"wp-block-image size-full\"><img loading=\"lazy\" decoding=\"async\" width=\"421\" height=\"397\" src=\"https:\/\/tendenciaspoliticas.com\/wp-content\/uploads\/2026\/03\/image-101.png\" alt=\"\" class=\"wp-image-43971\" srcset=\"https:\/\/tendenciaspoliticas.com\/wp-content\/uploads\/2026\/03\/image-101.png 421w, https:\/\/tendenciaspoliticas.com\/wp-content\/uploads\/2026\/03\/image-101-300x283.png 300w\" sizes=\"auto, (max-width: 421px) 100vw, 421px\" \/><\/figure>\n\n\n\n<p>A veinte a\u00f1os del asesinato de Paulina Lebbos, la Justicia de Tucum\u00e1n inicia un nuevo juicio para intentar esclarecer definitivamente uno de los casos criminales m\u00e1s emblem\u00e1ticos de la provincia. La joven estudiante de 23 a\u00f1os fue asesinada en febrero de 2006 tras salir a festejar con amigas, y desde entonces la investigaci\u00f3n estuvo atravesada por sospechas de encubrimiento y graves irregularidades.<\/p>\n\n\n\n<p>El principal acusado es V\u00edctor C\u00e9sar Soto, ex pareja de la v\u00edctima y padre de su hija, quien ser\u00e1 juzgado junto a Sergio Kale\u00f1uk, dirigente vinculado al club Atl\u00e9tico Tucum\u00e1n e hijo de un ex funcionario cercano al entonces gobernador Jos\u00e9 Alperovich. Seg\u00fan la acusaci\u00f3n, ambos habr\u00edan participado en el crimen y en el posterior traslado del cuerpo.<\/p>\n\n\n\n<p>Paulina era estudiante de Comunicaci\u00f3n Social en la Universidad Nacional de Tucum\u00e1n. La madrugada del 26 de febrero de 2006 sali\u00f3 a bailar con una amiga y, al terminar la noche, ambas tomaron un rem\u00eds. La \u00faltima reconstrucci\u00f3n conocida indica que Paulina dej\u00f3 a su amiga en su casa y deb\u00eda continuar viaje hacia la vivienda de Soto. Nunca lleg\u00f3. Trece d\u00edas despu\u00e9s su cuerpo fue encontrado a unos 30 kil\u00f3metros de la capital tucumana, en la zona de Tapia.<\/p>\n\n\n\n<p>Desde el comienzo de la investigaci\u00f3n, la familia de la joven se\u00f1al\u00f3 a Soto como principal sospechoso. Alberto Lebbos, su padre, denunci\u00f3 reiteradamente que exist\u00eda una red de protecci\u00f3n pol\u00edtica y policial que dificult\u00f3 avanzar sobre esa pista. Con el paso de los a\u00f1os, varias decisiones judiciales confirmaron que hubo maniobras de encubrimiento durante la pesquisa inicial.<\/p>\n\n\n\n<p>De hecho, el ex fiscal que investig\u00f3 el caso fue condenado en 2021 por su actuaci\u00f3n irregular, en una causa que ya acumula nueve personas sentenciadas por diferentes responsabilidades vinculadas al ocultamiento del crimen.<\/p>\n\n\n\n<p>La acusaci\u00f3n contra Soto y Kale\u00f1uk se fortaleci\u00f3 a partir del an\u00e1lisis de registros telef\u00f3nicos que los ubicaban en comunicaci\u00f3n constante el d\u00eda de la desaparici\u00f3n de Paulina. Los investigadores sostienen que ese intercambio podr\u00eda estar vinculado con el traslado del cuerpo.<\/p>\n\n\n\n<p>Dos d\u00e9cadas despu\u00e9s del asesinato, el nuevo juicio buscar\u00e1 determinar qui\u00e9n fue el responsable directo del crimen y si finalmente se logra cerrar una historia marcada por el dolor y la impunidad.<\/p>\n","protected":false},"excerpt":{"rendered":"<p>El proceso vuelve a poner bajo la lupa a la ex pareja de la joven&#8230;<\/p>\n","protected":false},"author":2,"featured_media":0,"comment_status":"open","ping_status":"open","sticky":false,"template":"","format":"standard","meta":{"footnotes":""},"categories":[13],"tags":[28],"class_list":["post-43970","post","type-post","status-publish","format-standard","hentry","category-ultima-noticia","tag-justicia"],"_links":{"self":[{"href":"https:\/\/tendenciaspoliticas.com\/index.php?rest_route=\/wp\/v2\/posts\/43970","targetHints":{"allow":["GET"]}}],"collection":[{"href":"https:\/\/tendenciaspoliticas.com\/index.php?rest_route=\/wp\/v2\/posts"}],"about":[{"href":"https:\/\/tendenciaspoliticas.com\/index.php?rest_route=\/wp\/v2\/types\/post"}],"author":[{"embeddable":true,"href":"https:\/\/tendenciaspoliticas.com\/index.php?rest_route=\/wp\/v2\/users\/2"}],"replies":[{"embeddable":true,"href":"https:\/\/tendenciaspoliticas.com\/index.php?rest_route=%2Fwp%2Fv2%2Fcomments&post=43970"}],"version-history":[{"count":1,"href":"https:\/\/tendenciaspoliticas.com\/index.php?rest_route=\/wp\/v2\/posts\/43970\/revisions"}],"predecessor-version":[{"id":43972,"href":"https:\/\/tendenciaspoliticas.com\/index.php?rest_route=\/wp\/v2\/posts\/43970\/revisions\/43972"}],"wp:attachment":[{"href":"https:\/\/tendenciaspoliticas.com\/index.php?rest_route=%2Fwp%2Fv2%2Fmedia&parent=43970"}],"wp:term":[{"taxonomy":"category","embeddable":true,"href":"https:\/\/tendenciaspoliticas.com\/index.php?rest_route=%2Fwp%2Fv2%2Fcategories&post=43970"},{"taxonomy":"post_tag","embeddable":true,"href":"https:\/\/tendenciaspoliticas.com\/index.php?rest_route=%2Fwp%2Fv2%2Ftags&post=43970"}],"curies":[{"name":"wp","href":"https:\/\/api.w.org\/{rel}","templated":true}]}}