{"id":43964,"date":"2026-03-09T06:54:21","date_gmt":"2026-03-09T09:54:21","guid":{"rendered":"https:\/\/tendenciaspoliticas.com\/?p=43964"},"modified":"2026-03-09T06:54:21","modified_gmt":"2026-03-09T09:54:21","slug":"milei-respalda-a-mahiques-y-rechaza-que-su-llegada-a-justicia-busque-proteger-a-la-conduccion-de-la-afa","status":"publish","type":"post","link":"https:\/\/tendenciaspoliticas.com\/?p=43964","title":{"rendered":"Milei respalda a Mahiques y rechaza que su llegada a Justicia busque proteger a la conducci\u00f3n de la AFA"},"content":{"rendered":"\n<p><strong>El Presidente neg\u00f3 que el nuevo ministro tenga la misi\u00f3n de frenar investigaciones sobre Claudio Tapia y Pablo Toviggino. Defendi\u00f3 su designaci\u00f3n, cuestion\u00f3 a empresarios influyentes y volvi\u00f3 a confrontar con la oposici\u00f3n.<\/strong><\/p>\n\n\n\n<figure class=\"wp-block-image size-full is-resized\"><img loading=\"lazy\" decoding=\"async\" width=\"420\" height=\"280\" src=\"https:\/\/tendenciaspoliticas.com\/wp-content\/uploads\/2026\/03\/image-99.png\" alt=\"\" class=\"wp-image-43965\" style=\"width:790px;height:auto\" srcset=\"https:\/\/tendenciaspoliticas.com\/wp-content\/uploads\/2026\/03\/image-99.png 420w, https:\/\/tendenciaspoliticas.com\/wp-content\/uploads\/2026\/03\/image-99-300x200.png 300w\" sizes=\"auto, (max-width: 420px) 100vw, 420px\" \/><\/figure>\n\n\n\n<p>El presidente Javier Milei rechaz\u00f3 las versiones que sostienen que la designaci\u00f3n de Juan Bautista Mahiques al frente del Ministerio de Justicia busca beneficiar a las autoridades de la Asociaci\u00f3n del F\u00fatbol Argentino (AFA). Seg\u00fan afirm\u00f3, es \u201cfalso\u201d que el nuevo funcionario tenga como objetivo proteger a Claudio \u201cChiqui\u201d Tapia o a Pablo Toviggino ante las investigaciones que enfrentan.<\/p>\n\n\n\n<p>Durante una entrevista televisiva antes de iniciar un nuevo viaje a Estados Unidos, el mandatario sostuvo que Mahiques fue elegido por su experiencia dentro del sistema judicial y su conocimiento del funcionamiento de los tribunales. \u201cSi Tapia y Toviggino son culpables, que paguen con todo el peso de la ley\u201d, asegur\u00f3, al remarcar que el Gobierno respeta la independencia de la Justicia.<\/p>\n\n\n\n<p>Las especulaciones surgieron luego de que se conocieran los v\u00ednculos sociales de Mahiques con dirigentes del f\u00fatbol y tras el desplazamiento del titular de la Inspecci\u00f3n General de Justicia (IGJ), quien hab\u00eda solicitado la presencia de veedores para auditar las cuentas de la AFA. El propio ministro dej\u00f3 trascender que eval\u00faa avanzar con esa medida, lo que podr\u00eda reactivar la controversia en torno al manejo institucional del f\u00fatbol argentino.<\/p>\n\n\n\n<p>En la misma entrevista, Milei tambi\u00e9n volvi\u00f3 a confrontar con sectores empresariales y con la oposici\u00f3n pol\u00edtica. Sostuvo que algunos integrantes del denominado \u201cc\u00edrculo rojo\u201d buscan presionar al Gobierno para obtener beneficios y acus\u00f3 a ciertos empresarios de intentar influir en decisiones econ\u00f3micas. Seg\u00fan su visi\u00f3n, parte de ese sector pretende un tipo de cambio m\u00e1s alto para reducir el costo salarial.<\/p>\n\n\n\n<p>El Presidente defendi\u00f3 adem\u00e1s su estilo confrontativo frente a dirigentes opositores y asegur\u00f3 que no permitir\u00e1 que su gobierno sea debilitado pol\u00edticamente. \u201cA m\u00ed no me van a llevar puesto\u201d, afirm\u00f3, en referencia a experiencias de gestiones anteriores.<\/p>\n\n\n\n<p>Por \u00faltimo, neg\u00f3 tensiones internas en el oficialismo, descart\u00f3 impulsar una reforma constitucional para habilitar reelecciones indefinidas y sostuvo que su eventual continuidad en el poder depender\u00e1 del resultado de su gesti\u00f3n.<\/p>\n","protected":false},"excerpt":{"rendered":"<p>El Presidente neg\u00f3 que el nuevo ministro tenga la misi\u00f3n de frenar investigaciones sobre Claudio&#8230;<\/p>\n","protected":false},"author":2,"featured_media":0,"comment_status":"open","ping_status":"open","sticky":false,"template":"","format":"standard","meta":{"footnotes":""},"categories":[1],"tags":[14],"class_list":["post-43964","post","type-post","status-publish","format-standard","hentry","category-politica","tag-politica"],"_links":{"self":[{"href":"https:\/\/tendenciaspoliticas.com\/index.php?rest_route=\/wp\/v2\/posts\/43964","targetHints":{"allow":["GET"]}}],"collection":[{"href":"https:\/\/tendenciaspoliticas.com\/index.php?rest_route=\/wp\/v2\/posts"}],"about":[{"href":"https:\/\/tendenciaspoliticas.com\/index.php?rest_route=\/wp\/v2\/types\/post"}],"author":[{"embeddable":true,"href":"https:\/\/tendenciaspoliticas.com\/index.php?rest_route=\/wp\/v2\/users\/2"}],"replies":[{"embeddable":true,"href":"https:\/\/tendenciaspoliticas.com\/index.php?rest_route=%2Fwp%2Fv2%2Fcomments&post=43964"}],"version-history":[{"count":1,"href":"https:\/\/tendenciaspoliticas.com\/index.php?rest_route=\/wp\/v2\/posts\/43964\/revisions"}],"predecessor-version":[{"id":43966,"href":"https:\/\/tendenciaspoliticas.com\/index.php?rest_route=\/wp\/v2\/posts\/43964\/revisions\/43966"}],"wp:attachment":[{"href":"https:\/\/tendenciaspoliticas.com\/index.php?rest_route=%2Fwp%2Fv2%2Fmedia&parent=43964"}],"wp:term":[{"taxonomy":"category","embeddable":true,"href":"https:\/\/tendenciaspoliticas.com\/index.php?rest_route=%2Fwp%2Fv2%2Fcategories&post=43964"},{"taxonomy":"post_tag","embeddable":true,"href":"https:\/\/tendenciaspoliticas.com\/index.php?rest_route=%2Fwp%2Fv2%2Ftags&post=43964"}],"curies":[{"name":"wp","href":"https:\/\/api.w.org\/{rel}","templated":true}]}}